{"id":1399,"date":"2020-10-26T08:58:45","date_gmt":"2020-10-26T07:58:45","guid":{"rendered":"https:\/\/blog.knihovnauk.cz\/?p=1399"},"modified":"2020-10-26T09:58:04","modified_gmt":"2020-10-26T08:58:04","slug":"knihovnik-usteckeho-kraje-2020","status":"publish","type":"post","link":"https:\/\/blog.knihovnauk.cz\/index.php\/2020\/10\/26\/knihovnik-usteckeho-kraje-2020\/","title":{"rendered":"Knihovn\u00edk \u00dasteck\u00e9ho kraje 2020"},"content":{"rendered":"\n<p><br> <br><strong>Severo\u010desk\u00e1 v\u011bdeck\u00e1 knihovna ve spolupr\u00e1ci s\u00a0\u00dasteck\u00fdm krajem a\u00a0organizac\u00ed SKIP od roku 2015 ka\u017edoro\u010dn\u011b vyhla\u0161uje sout\u011b\u017e KNIHOVN\u00cdK \u00daSTECK\u00c9HO KRAJE. \u00a0<\/strong><\/p>\n\n\n\n<p class=\"has-drop-cap\">V\u00a0r\u00e1mci sout\u011b\u017ee se hodnot\u00ed \u010dinnost knihovn\u00edk\u016f v\u00a0n\u011bkolika oblastech (mj. spolupr\u00e1ce s\u00a0O\u00da a\u00a0dal\u0161\u00edmi organizacemi, propagace knihovny, prezentace knihovny na webu, rozsah slu\u017eeb a\u00a0komunitn\u00ed aktivity, vzhled knihovny, zapojen\u00ed do celost\u00e1tn\u00edch projekt\u016f, inovativn\u00ed p\u0159\u00edstup, realizace aktivit na podporu \u010dten\u00e1\u0159stv\u00ed).<\/p>\n\n\n\n<div class=\"wp-block-image\"><figure class=\"aligncenter\"><img loading=\"lazy\" decoding=\"async\" width=\"6000\" height=\"4000\" src=\"https:\/\/blog.knihovnauk.cz\/wp-content\/uploads\/2020\/10\/1_Ocen\u011bn\u00ed-knihovn\u00edci.jpg\" alt=\"\" class=\"wp-image-1401\"\/><figcaption>Ceny v\u00a0sout\u011b\u017ei Knihovn\u00edk roku 2020 p\u0159evzali do sv\u00fdch rukou Miroslav a Hana Bl\u00e1hovi, Lenka Feiklov\u00e1 a Irena \u010cerychov\u00e1. V\u00a0zastoupen\u00ed byla ocen\u011bn\u00ed Ludmile Zavadilov\u00e9 a Jan\u011b Brej\u0161ov\u00e9 p\u0159ed\u00e1na starostce obce Doln\u00ed Podlu\u017e\u00ed Ad\u00e9le Mach\u00e1\u010dkov\u00e9 a \u0159editeli M\u011bK D\u011b\u010d\u00edn Ladislavu Zoubkovi. <\/figcaption><\/figure><\/div>\n\n\n\n<p><strong>Do leto\u0161n\u00edho 6. ro\u010dn\u00edku bylo nominov\u00e1no 5 knihovn\u00edk\u016f<\/strong>. Krajsk\u00e1 komise slo\u017een\u00e1 z\u00a0metodik\u016f a z\u00e1stupce kraje nav\u0161t\u00edvila v\u0161echny nominovan\u00e9 knihovny, hodnotila \u010dinnost knihovn\u00edk\u016f podle podm\u00ednek sout\u011b\u017ee a rozhodla o v\u00fdsledku: <\/p>\n\n\n\n<p><strong>Na 1. m\u00edst\u011b<\/strong> se um\u00edstili man\u017eel\u00e9 <strong>Hana a Miroslav Bl\u00e1hovi z\u00a0M\u00edstn\u00ed knihovny Kostomlaty pod Mile\u0161ovkou<\/strong> (region Teplice). Kostomlatsk\u00e1 knihovna pat\u0159\u00ed mezi nejlep\u0161\u00ed obecn\u00ed knihovny v\u00a0regionu a je dr\u017eitelkou n\u011bkolika \u010destn\u00fdch uzn\u00e1n\u00ed a ocen\u011bn\u00ed. Zdej\u0161\u00ed knihovna d\u00edky man\u017eel\u016fm Bl\u00e1hov\u00fdm ji\u017e \u0159adu let p\u0159isp\u00edv\u00e1 ke kvalit\u011b spole\u010densk\u00e9ho a kulturn\u00edho \u017eivota v\u00a0obci, \u00fazce spolupracuje s\u00a0m\u00edstn\u00edmi spolky a institucemi a pro \u0161koly i ve\u0159ejnost po\u0159\u00e1d\u00e1 ohromn\u00e9 mno\u017estv\u00ed kulturn\u00edch a spole\u010densk\u00fdch aktivit.<\/p>\n\n\n\n<ul class=\"wp-block-gallery columns-3 is-cropped wp-block-gallery-1 is-layout-flex wp-block-gallery-is-layout-flex\"><li class=\"blocks-gallery-item\"><figure><img loading=\"lazy\" decoding=\"async\" width=\"3906\" height=\"3000\" src=\"https:\/\/blog.knihovnauk.cz\/wp-content\/uploads\/2020\/10\/Kostomlaty-pod-Mile\u0161ovkou_1.jpg\" alt=\"\" data-id=\"1413\" data-link=\"https:\/\/blog.knihovnauk.cz\/?attachment_id=1413\" class=\"wp-image-1413\"\/><\/figure><\/li><li class=\"blocks-gallery-item\"><figure><img loading=\"lazy\" decoding=\"async\" width=\"2999\" height=\"3999\" src=\"https:\/\/blog.knihovnauk.cz\/wp-content\/uploads\/2020\/10\/Kostomlaty-pod-Mile\u0161ovkou_2.jpg\" alt=\"\" data-id=\"1414\" data-link=\"https:\/\/blog.knihovnauk.cz\/?attachment_id=1414\" class=\"wp-image-1414\"\/><\/figure><\/li><li class=\"blocks-gallery-item\"><figure><img loading=\"lazy\" decoding=\"async\" width=\"2999\" height=\"3703\" src=\"https:\/\/blog.knihovnauk.cz\/wp-content\/uploads\/2020\/10\/Kostomlaty-pod-Mile\u0161ovkou_3.jpg\" alt=\"\" data-id=\"1415\" data-link=\"https:\/\/blog.knihovnauk.cz\/?attachment_id=1415\" class=\"wp-image-1415\"\/><\/figure><\/li><\/ul>\n\n\n\n<hr class=\"wp-block-separator\"\/>\n\n\n\n<p><strong>2. m\u00edsto<\/strong> z\u00edskala <strong>pan\u00ed Ludmila Zavadilov\u00e1 z\u00a0Obecn\u00ed knihovny v\u00a0Doln\u00edm Podlu\u017e\u00ed<\/strong> (region D\u011b\u010d\u00edn \u2013 Varnsdorf), kter\u00e1 sv\u00fdmi aktivitami c\u00edl\u00ed nejen na d\u011btsk\u00e9 \u010dten\u00e1\u0159e a podporu \u010dten\u00e1\u0159stv\u00ed, ale \u00fazce spolupracuje i s\u00a0m\u00edstn\u00edmi spolky a pod\u00edl\u00ed se na kulturn\u00edm d\u011bn\u00ed v\u00a0obci. <\/p>\n\n\n\n<ul class=\"wp-block-gallery columns-3 is-cropped wp-block-gallery-2 is-layout-flex wp-block-gallery-is-layout-flex\"><li class=\"blocks-gallery-item\"><figure><img loading=\"lazy\" decoding=\"async\" width=\"2999\" height=\"3414\" src=\"https:\/\/blog.knihovnauk.cz\/wp-content\/uploads\/2020\/10\/Doln\u00ed-Podlu\u017e\u00ed_1.jpg\" alt=\"\" data-id=\"1405\" data-link=\"https:\/\/blog.knihovnauk.cz\/?attachment_id=1405\" class=\"wp-image-1405\"\/><\/figure><\/li><li class=\"blocks-gallery-item\"><figure><img loading=\"lazy\" decoding=\"async\" width=\"2999\" height=\"3999\" src=\"https:\/\/blog.knihovnauk.cz\/wp-content\/uploads\/2020\/10\/Doln\u00ed-Podlu\u017e\u00ed_2.jpg\" alt=\"\" data-id=\"1406\" data-link=\"https:\/\/blog.knihovnauk.cz\/?attachment_id=1406\" class=\"wp-image-1406\"\/><\/figure><\/li><li class=\"blocks-gallery-item\"><figure><img loading=\"lazy\" decoding=\"async\" width=\"2733\" height=\"3809\" src=\"https:\/\/blog.knihovnauk.cz\/wp-content\/uploads\/2020\/10\/Doln\u00ed-Podlu\u017e\u00ed_3.jpg\" alt=\"\" data-id=\"1407\" data-link=\"https:\/\/blog.knihovnauk.cz\/?attachment_id=1407\" class=\"wp-image-1407\"\/><\/figure><\/li><\/ul>\n\n\n\n<hr class=\"wp-block-separator\"\/>\n\n\n\n<p><strong>3. m\u00edsto<\/strong> v\u00a0sout\u011b\u017ei Knihovn\u00edk roku pat\u0159\u00ed <strong>Ing. Lence Feiklov\u00e9 z\u00a0M\u00edstn\u00ed knihovny Si\u0159ejovice<\/strong> (region Litom\u011b\u0159ice). Svou \u010dinnost\u00ed v\u00a0knihovn\u011b se zam\u011b\u0159uje p\u0159edev\u0161\u00edm na d\u011btsk\u00e9 \u010dten\u00e1\u0159e, u\u010d\u00ed je l\u00e1sce ke knih\u00e1m, rozv\u00edj\u00ed jejich \u010dten\u00e1\u0159sk\u00e9 dovednosti, ale i zru\u010dnost, tvo\u0159ivost a\u00a0fantazii p\u0159i po\u0159\u00e1d\u00e1n\u00ed pravideln\u00fdch d\u00edlni\u010dek.<br><\/p>\n\n\n\n<ul class=\"wp-block-gallery columns-3 is-cropped wp-block-gallery-3 is-layout-flex wp-block-gallery-is-layout-flex\"><li class=\"blocks-gallery-item\"><figure><img loading=\"lazy\" decoding=\"async\" width=\"4000\" height=\"3000\" src=\"https:\/\/blog.knihovnauk.cz\/wp-content\/uploads\/2020\/10\/Si\u0159ejovice_1.jpg\" alt=\"\" data-id=\"1410\" data-link=\"https:\/\/blog.knihovnauk.cz\/?attachment_id=1410\" class=\"wp-image-1410\"\/><\/figure><\/li><li class=\"blocks-gallery-item\"><figure><img loading=\"lazy\" decoding=\"async\" width=\"2999\" height=\"3999\" src=\"https:\/\/blog.knihovnauk.cz\/wp-content\/uploads\/2020\/10\/Si\u0159ejovice_2.jpg\" alt=\"\" data-id=\"1411\" data-link=\"https:\/\/blog.knihovnauk.cz\/?attachment_id=1411\" class=\"wp-image-1411\"\/><\/figure><\/li><li class=\"blocks-gallery-item\"><figure><img loading=\"lazy\" decoding=\"async\" width=\"4000\" height=\"3000\" src=\"https:\/\/blog.knihovnauk.cz\/wp-content\/uploads\/2020\/10\/Si\u0159ejovice_3.jpg\" alt=\"\" data-id=\"1412\" data-link=\"https:\/\/blog.knihovnauk.cz\/?attachment_id=1412\" class=\"wp-image-1412\"\/><\/figure><\/li><\/ul>\n\n\n\n<hr class=\"wp-block-separator\"\/>\n\n\n\n<p><strong>D\u00e1le komise navrhla speci\u00e1ln\u00ed ocen\u011bn\u00ed<\/strong>: za dlouholetou a ob\u011btavou \u010dinnost v\u00a0knihovn\u011b<strong> Jan\u011b Brej\u0161ov\u00e9<\/strong> z\u00a0Obecn\u00ed knihovny ve Verne\u0159ic\u00edch (region D\u011b\u010d\u00edn) a za ob\u011btavou \u010dinnost v\u00a0knihovn\u011b <strong>Iren\u011b \u010cerychov\u00e9<\/strong> z\u00a0Obecn\u00ed knihovny ve Velk\u00e9 Bukovin\u011b (region D\u011b\u010d\u00edn).<br><\/p>\n\n\n\n<p><strong>P\u0159ed\u00e1n\u00ed ocen\u011bn\u00ed prob\u011bhlo v komorn\u00edm duchu dne 5. 10. 2020 v kav\u00e1rn\u011b Knihomolka v\u00a0Severo\u010desk\u00e9 v\u011bdeck\u00e9 knihovn\u011b<\/strong>. B\u011bhem ve\u010dera mohli ocen\u011bn\u00ed knihovn\u00edci zhl\u00e9dnout v\u00fdstavu<em> Dvacet plus jedna: NEJ Severo\u010desk\u00e9 v\u011bdeck\u00e9 knihovny<\/em> p\u0159ipravenou k 75. v\u00fdro\u010d\u00ed \u00fasteck\u00e9 knihovny.<br>  <br> <strong>V\u0160EM OCEN\u011aN\u00ddM SRDE\u010cN\u011a BLAHOP\u0158EJEME!<\/strong><\/p>\n\n\n\n<p><br><\/p>\n","protected":false},"excerpt":{"rendered":"<p>Severo\u010desk\u00e1 v\u011bdeck\u00e1 knihovna ve spolupr\u00e1ci s\u00a0\u00dasteck\u00fdm krajem a\u00a0organizac\u00ed SKIP od roku 2015 ka\u017edoro\u010dn\u011b vyhla\u0161uje sout\u011b\u017e KNIHOVN\u00cdK \u00daSTECK\u00c9HO KRAJE. \u00a0 V\u00a0r\u00e1mci sout\u011b\u017ee se hodnot\u00ed \u010dinnost knihovn\u00edk\u016f v\u00a0n\u011bkolika oblastech (mj. spolupr\u00e1ce s\u00a0O\u00da a\u00a0dal\u0161\u00edmi organizacemi, propagace knihovny, prezentace knihovny na webu, rozsah slu\u017eeb a\u00a0komunitn\u00ed aktivity, vzhled knihovny, zapojen\u00ed do celost\u00e1tn\u00edch projekt\u016f, inovativn\u00ed p\u0159\u00edstup, realizace aktivit na podporu \u010dten\u00e1\u0159stv\u00ed). [&hellip;]<\/p>\n","protected":false},"author":3,"featured_media":1419,"comment_status":"open","ping_status":"open","sticky":false,"template":"","format":"standard","meta":{"_monsterinsights_skip_tracking":false,"_monsterinsights_sitenote_active":false,"_monsterinsights_sitenote_note":"","_monsterinsights_sitenote_category":0,"footnotes":""},"categories":[41,169,66],"tags":[142],"class_list":["post-1399","post","type-post","status-publish","format-standard","has-post-thumbnail","hentry","category-akce","category-knihovny","category-soutez","tag-knihovnik-roku"],"yoast_head":"<!-- This site is optimized with the Yoast SEO plugin v24.8.1 - https:\/\/yoast.com\/wordpress\/plugins\/seo\/ -->\n<title>Knihovn\u00edk \u00dasteck\u00e9ho kraje 2020 - Magaz\u00edn Knihovny \u00dasteck\u00e9ho kraje<\/title>\n<meta name=\"robots\" content=\"index, follow, max-snippet:-1, max-image-preview:large, max-video-preview:-1\" \/>\n<link rel=\"canonical\" href=\"https:\/\/blog.svkul.cz\/index.php\/2020\/10\/26\/knihovnik-usteckeho-kraje-2020\/\" \/>\n<meta property=\"og:locale\" content=\"cs_CZ\" \/>\n<meta property=\"og:type\" content=\"article\" \/>\n<meta property=\"og:title\" content=\"Knihovn\u00edk \u00dasteck\u00e9ho kraje 2020 - Magaz\u00edn Knihovny \u00dasteck\u00e9ho kraje\" \/>\n<meta property=\"og:description\" content=\"Severo\u010desk\u00e1 v\u011bdeck\u00e1 knihovna ve spolupr\u00e1ci s\u00a0\u00dasteck\u00fdm krajem a\u00a0organizac\u00ed SKIP od roku 2015 ka\u017edoro\u010dn\u011b vyhla\u0161uje sout\u011b\u017e KNIHOVN\u00cdK \u00daSTECK\u00c9HO KRAJE. \u00a0 V\u00a0r\u00e1mci sout\u011b\u017ee se hodnot\u00ed \u010dinnost knihovn\u00edk\u016f v\u00a0n\u011bkolika oblastech (mj. spolupr\u00e1ce s\u00a0O\u00da a\u00a0dal\u0161\u00edmi organizacemi, propagace knihovny, prezentace knihovny na webu, rozsah slu\u017eeb a\u00a0komunitn\u00ed aktivity, vzhled knihovny, zapojen\u00ed do celost\u00e1tn\u00edch projekt\u016f, inovativn\u00ed p\u0159\u00edstup, realizace aktivit na podporu \u010dten\u00e1\u0159stv\u00ed). [&hellip;]\" \/>\n<meta property=\"og:url\" content=\"https:\/\/blog.svkul.cz\/index.php\/2020\/10\/26\/knihovnik-usteckeho-kraje-2020\/\" \/>\n<meta property=\"og:site_name\" content=\"Magaz\u00edn Knihovny \u00dasteck\u00e9ho kraje\" \/>\n<meta property=\"article:publisher\" content=\"https:\/\/www.facebook.com\/svkusti\" \/>\n<meta property=\"article:published_time\" content=\"2020-10-26T07:58:45+00:00\" \/>\n<meta property=\"article:modified_time\" content=\"2020-10-26T08:58:04+00:00\" \/>\n<meta property=\"og:image\" content=\"https:\/\/blog.svkul.cz\/wp-content\/uploads\/2020\/10\/1-2.jpg\" \/>\n\t<meta property=\"og:image:width\" content=\"3508\" \/>\n\t<meta property=\"og:image:height\" content=\"2209\" \/>\n\t<meta property=\"og:image:type\" content=\"image\/jpeg\" \/>\n<meta name=\"author\" content=\"Jana Bedn\u00e1\u0159ov\u00e1\" \/>\n<meta name=\"twitter:card\" content=\"summary_large_image\" \/>\n<meta name=\"twitter:label1\" content=\"Napsal(a)\" \/>\n\t<meta name=\"twitter:data1\" content=\"Jana Bedn\u00e1\u0159ov\u00e1\" \/>\n\t<meta name=\"twitter:label2\" content=\"Odhadovan\u00e1 doba \u010dten\u00ed\" \/>\n\t<meta name=\"twitter:data2\" content=\"3 minuty\" \/>\n<script type=\"application\/ld+json\" class=\"yoast-schema-graph\">{\"@context\":\"https:\/\/schema.org\",\"@graph\":[{\"@type\":\"WebPage\",\"@id\":\"https:\/\/blog.svkul.cz\/index.php\/2020\/10\/26\/knihovnik-usteckeho-kraje-2020\/\",\"url\":\"https:\/\/blog.svkul.cz\/index.php\/2020\/10\/26\/knihovnik-usteckeho-kraje-2020\/\",\"name\":\"Knihovn\u00edk \u00dasteck\u00e9ho kraje 2020 - Magaz\u00edn Knihovny \u00dasteck\u00e9ho kraje\",\"isPartOf\":{\"@id\":\"https:\/\/blog.svkul.cz\/#website\"},\"primaryImageOfPage\":{\"@id\":\"https:\/\/blog.svkul.cz\/index.php\/2020\/10\/26\/knihovnik-usteckeho-kraje-2020\/#primaryimage\"},\"image\":{\"@id\":\"https:\/\/blog.svkul.cz\/index.php\/2020\/10\/26\/knihovnik-usteckeho-kraje-2020\/#primaryimage\"},\"thumbnailUrl\":\"https:\/\/blog.knihovnauk.cz\/wp-content\/uploads\/2020\/10\/1-2.jpg\",\"datePublished\":\"2020-10-26T07:58:45+00:00\",\"dateModified\":\"2020-10-26T08:58:04+00:00\",\"author\":{\"@id\":\"https:\/\/blog.svkul.cz\/#\/schema\/person\/47a04d204a241785411ef61669101361\"},\"breadcrumb\":{\"@id\":\"https:\/\/blog.svkul.cz\/index.php\/2020\/10\/26\/knihovnik-usteckeho-kraje-2020\/#breadcrumb\"},\"inLanguage\":\"cs\",\"potentialAction\":[{\"@type\":\"ReadAction\",\"target\":[\"https:\/\/blog.svkul.cz\/index.php\/2020\/10\/26\/knihovnik-usteckeho-kraje-2020\/\"]}]},{\"@type\":\"ImageObject\",\"inLanguage\":\"cs\",\"@id\":\"https:\/\/blog.svkul.cz\/index.php\/2020\/10\/26\/knihovnik-usteckeho-kraje-2020\/#primaryimage\",\"url\":\"https:\/\/blog.knihovnauk.cz\/wp-content\/uploads\/2020\/10\/1-2.jpg\",\"contentUrl\":\"https:\/\/blog.knihovnauk.cz\/wp-content\/uploads\/2020\/10\/1-2.jpg\",\"width\":3508,\"height\":2209},{\"@type\":\"BreadcrumbList\",\"@id\":\"https:\/\/blog.svkul.cz\/index.php\/2020\/10\/26\/knihovnik-usteckeho-kraje-2020\/#breadcrumb\",\"itemListElement\":[{\"@type\":\"ListItem\",\"position\":1,\"name\":\"Dom\u016f\",\"item\":\"https:\/\/blog.svkul.cz\/\"},{\"@type\":\"ListItem\",\"position\":2,\"name\":\"Knihovn\u00edk \u00dasteck\u00e9ho kraje 2020\"}]},{\"@type\":\"WebSite\",\"@id\":\"https:\/\/blog.svkul.cz\/#website\",\"url\":\"https:\/\/blog.svkul.cz\/\",\"name\":\"Magaz\u00edn Severo\u010desk\u00e9 v\u011bdeck\u00e9 knihovny v \u00dast\u00ed nad Labem\",\"description\":\"V\u011bnujeme se literatu\u0159e, um\u011bn\u00ed, knih\u00e1m a v\u0161emu, co n\u00e1s bav\u00ed a zaj\u00edm\u00e1.\",\"potentialAction\":[{\"@type\":\"SearchAction\",\"target\":{\"@type\":\"EntryPoint\",\"urlTemplate\":\"https:\/\/blog.svkul.cz\/?s={search_term_string}\"},\"query-input\":{\"@type\":\"PropertyValueSpecification\",\"valueRequired\":true,\"valueName\":\"search_term_string\"}}],\"inLanguage\":\"cs\"},{\"@type\":\"Person\",\"@id\":\"https:\/\/blog.svkul.cz\/#\/schema\/person\/47a04d204a241785411ef61669101361\",\"name\":\"Jana Bedn\u00e1\u0159ov\u00e1\",\"image\":{\"@type\":\"ImageObject\",\"inLanguage\":\"cs\",\"@id\":\"https:\/\/blog.svkul.cz\/#\/schema\/person\/image\/\",\"url\":\"https:\/\/secure.gravatar.com\/avatar\/feed32ccb3868657e7f4d943c86fd49e?s=96&d=mm&r=g\",\"contentUrl\":\"https:\/\/secure.gravatar.com\/avatar\/feed32ccb3868657e7f4d943c86fd49e?s=96&d=mm&r=g\",\"caption\":\"Jana Bedn\u00e1\u0159ov\u00e1\"},\"url\":\"https:\/\/blog.knihovnauk.cz\/index.php\/author\/jana-bednarova\/\"}]}<\/script>\n<!-- \/ Yoast SEO plugin. -->","yoast_head_json":{"title":"Knihovn\u00edk \u00dasteck\u00e9ho kraje 2020 - Magaz\u00edn Knihovny \u00dasteck\u00e9ho kraje","robots":{"index":"index","follow":"follow","max-snippet":"max-snippet:-1","max-image-preview":"max-image-preview:large","max-video-preview":"max-video-preview:-1"},"canonical":"https:\/\/blog.svkul.cz\/index.php\/2020\/10\/26\/knihovnik-usteckeho-kraje-2020\/","og_locale":"cs_CZ","og_type":"article","og_title":"Knihovn\u00edk \u00dasteck\u00e9ho kraje 2020 - Magaz\u00edn Knihovny \u00dasteck\u00e9ho kraje","og_description":"Severo\u010desk\u00e1 v\u011bdeck\u00e1 knihovna ve spolupr\u00e1ci s\u00a0\u00dasteck\u00fdm krajem a\u00a0organizac\u00ed SKIP od roku 2015 ka\u017edoro\u010dn\u011b vyhla\u0161uje sout\u011b\u017e KNIHOVN\u00cdK \u00daSTECK\u00c9HO KRAJE. \u00a0 V\u00a0r\u00e1mci sout\u011b\u017ee se hodnot\u00ed \u010dinnost knihovn\u00edk\u016f v\u00a0n\u011bkolika oblastech (mj. spolupr\u00e1ce s\u00a0O\u00da a\u00a0dal\u0161\u00edmi organizacemi, propagace knihovny, prezentace knihovny na webu, rozsah slu\u017eeb a\u00a0komunitn\u00ed aktivity, vzhled knihovny, zapojen\u00ed do celost\u00e1tn\u00edch projekt\u016f, inovativn\u00ed p\u0159\u00edstup, realizace aktivit na podporu \u010dten\u00e1\u0159stv\u00ed). [&hellip;]","og_url":"https:\/\/blog.svkul.cz\/index.php\/2020\/10\/26\/knihovnik-usteckeho-kraje-2020\/","og_site_name":"Magaz\u00edn Knihovny \u00dasteck\u00e9ho kraje","article_publisher":"https:\/\/www.facebook.com\/svkusti","article_published_time":"2020-10-26T07:58:45+00:00","article_modified_time":"2020-10-26T08:58:04+00:00","og_image":[{"width":3508,"height":2209,"url":"https:\/\/blog.svkul.cz\/wp-content\/uploads\/2020\/10\/1-2.jpg","type":"image\/jpeg"}],"author":"Jana Bedn\u00e1\u0159ov\u00e1","twitter_card":"summary_large_image","twitter_misc":{"Napsal(a)":"Jana Bedn\u00e1\u0159ov\u00e1","Odhadovan\u00e1 doba \u010dten\u00ed":"3 minuty"},"schema":{"@context":"https:\/\/schema.org","@graph":[{"@type":"WebPage","@id":"https:\/\/blog.svkul.cz\/index.php\/2020\/10\/26\/knihovnik-usteckeho-kraje-2020\/","url":"https:\/\/blog.svkul.cz\/index.php\/2020\/10\/26\/knihovnik-usteckeho-kraje-2020\/","name":"Knihovn\u00edk \u00dasteck\u00e9ho kraje 2020 - Magaz\u00edn Knihovny \u00dasteck\u00e9ho kraje","isPartOf":{"@id":"https:\/\/blog.svkul.cz\/#website"},"primaryImageOfPage":{"@id":"https:\/\/blog.svkul.cz\/index.php\/2020\/10\/26\/knihovnik-usteckeho-kraje-2020\/#primaryimage"},"image":{"@id":"https:\/\/blog.svkul.cz\/index.php\/2020\/10\/26\/knihovnik-usteckeho-kraje-2020\/#primaryimage"},"thumbnailUrl":"https:\/\/blog.knihovnauk.cz\/wp-content\/uploads\/2020\/10\/1-2.jpg","datePublished":"2020-10-26T07:58:45+00:00","dateModified":"2020-10-26T08:58:04+00:00","author":{"@id":"https:\/\/blog.svkul.cz\/#\/schema\/person\/47a04d204a241785411ef61669101361"},"breadcrumb":{"@id":"https:\/\/blog.svkul.cz\/index.php\/2020\/10\/26\/knihovnik-usteckeho-kraje-2020\/#breadcrumb"},"inLanguage":"cs","potentialAction":[{"@type":"ReadAction","target":["https:\/\/blog.svkul.cz\/index.php\/2020\/10\/26\/knihovnik-usteckeho-kraje-2020\/"]}]},{"@type":"ImageObject","inLanguage":"cs","@id":"https:\/\/blog.svkul.cz\/index.php\/2020\/10\/26\/knihovnik-usteckeho-kraje-2020\/#primaryimage","url":"https:\/\/blog.knihovnauk.cz\/wp-content\/uploads\/2020\/10\/1-2.jpg","contentUrl":"https:\/\/blog.knihovnauk.cz\/wp-content\/uploads\/2020\/10\/1-2.jpg","width":3508,"height":2209},{"@type":"BreadcrumbList","@id":"https:\/\/blog.svkul.cz\/index.php\/2020\/10\/26\/knihovnik-usteckeho-kraje-2020\/#breadcrumb","itemListElement":[{"@type":"ListItem","position":1,"name":"Dom\u016f","item":"https:\/\/blog.svkul.cz\/"},{"@type":"ListItem","position":2,"name":"Knihovn\u00edk \u00dasteck\u00e9ho kraje 2020"}]},{"@type":"WebSite","@id":"https:\/\/blog.svkul.cz\/#website","url":"https:\/\/blog.svkul.cz\/","name":"Magaz\u00edn Severo\u010desk\u00e9 v\u011bdeck\u00e9 knihovny v \u00dast\u00ed nad Labem","description":"V\u011bnujeme se literatu\u0159e, um\u011bn\u00ed, knih\u00e1m a v\u0161emu, co n\u00e1s bav\u00ed a zaj\u00edm\u00e1.","potentialAction":[{"@type":"SearchAction","target":{"@type":"EntryPoint","urlTemplate":"https:\/\/blog.svkul.cz\/?s={search_term_string}"},"query-input":{"@type":"PropertyValueSpecification","valueRequired":true,"valueName":"search_term_string"}}],"inLanguage":"cs"},{"@type":"Person","@id":"https:\/\/blog.svkul.cz\/#\/schema\/person\/47a04d204a241785411ef61669101361","name":"Jana Bedn\u00e1\u0159ov\u00e1","image":{"@type":"ImageObject","inLanguage":"cs","@id":"https:\/\/blog.svkul.cz\/#\/schema\/person\/image\/","url":"https:\/\/secure.gravatar.com\/avatar\/feed32ccb3868657e7f4d943c86fd49e?s=96&d=mm&r=g","contentUrl":"https:\/\/secure.gravatar.com\/avatar\/feed32ccb3868657e7f4d943c86fd49e?s=96&d=mm&r=g","caption":"Jana Bedn\u00e1\u0159ov\u00e1"},"url":"https:\/\/blog.knihovnauk.cz\/index.php\/author\/jana-bednarova\/"}]}},"_links":{"self":[{"href":"https:\/\/blog.knihovnauk.cz\/index.php\/wp-json\/wp\/v2\/posts\/1399","targetHints":{"allow":["GET"]}}],"collection":[{"href":"https:\/\/blog.knihovnauk.cz\/index.php\/wp-json\/wp\/v2\/posts"}],"about":[{"href":"https:\/\/blog.knihovnauk.cz\/index.php\/wp-json\/wp\/v2\/types\/post"}],"author":[{"embeddable":true,"href":"https:\/\/blog.knihovnauk.cz\/index.php\/wp-json\/wp\/v2\/users\/3"}],"replies":[{"embeddable":true,"href":"https:\/\/blog.knihovnauk.cz\/index.php\/wp-json\/wp\/v2\/comments?post=1399"}],"version-history":[{"count":9,"href":"https:\/\/blog.knihovnauk.cz\/index.php\/wp-json\/wp\/v2\/posts\/1399\/revisions"}],"predecessor-version":[{"id":1420,"href":"https:\/\/blog.knihovnauk.cz\/index.php\/wp-json\/wp\/v2\/posts\/1399\/revisions\/1420"}],"wp:featuredmedia":[{"embeddable":true,"href":"https:\/\/blog.knihovnauk.cz\/index.php\/wp-json\/wp\/v2\/media\/1419"}],"wp:attachment":[{"href":"https:\/\/blog.knihovnauk.cz\/index.php\/wp-json\/wp\/v2\/media?parent=1399"}],"wp:term":[{"taxonomy":"category","embeddable":true,"href":"https:\/\/blog.knihovnauk.cz\/index.php\/wp-json\/wp\/v2\/categories?post=1399"},{"taxonomy":"post_tag","embeddable":true,"href":"https:\/\/blog.knihovnauk.cz\/index.php\/wp-json\/wp\/v2\/tags?post=1399"}],"curies":[{"name":"wp","href":"https:\/\/api.w.org\/{rel}","templated":true}]}}