{"id":1780,"date":"2021-06-21T06:53:57","date_gmt":"2021-06-21T04:53:57","guid":{"rendered":"https:\/\/blog.knihovnauk.cz\/?p=1780"},"modified":"2021-06-21T06:53:59","modified_gmt":"2021-06-21T04:53:59","slug":"tuchlovicke-hnuti","status":"publish","type":"post","link":"https:\/\/blog.knihovnauk.cz\/index.php\/2021\/06\/21\/tuchlovicke-hnuti\/","title":{"rendered":"TUCHLOVICK\u00c9 HNUT\u00cd"},"content":{"rendered":"\n<p class=\"has-drop-cap\"><strong>Sly\u0161eli jste n\u011bkdy o tzv. tuchlovick\u00e9m hnut\u00ed? J\u00e1 jsem si na n\u011bj vzpomn\u011bla asocia\u010dn\u00ed oklikou, kter\u00e1 s\u00a0n\u00edm vlastn\u011b nesouvis\u00ed. Vych\u00e1z\u00ed ov\u0161em z\u00a0podobn\u00e9 my\u0161lenky a touhy knihovn\u00edka, \u017ee kdy\u017e nen\u00ed \u010dten\u00e1\u0159 v\u00a0knihovn\u011b, p\u016fjde knihovna za \u010dten\u00e1\u0159em (jako my te\u010f online t\u0159eba a\u017e k\u00a0v\u00e1m dom\u016f).<\/strong><\/p>\n\n\n\n<p>Tuchlovi\u010dt\u00ed my\u0161lenku, \u017ee <em>\u201enejdou-li \u010dten\u00e1\u0159i za knihovnou, p\u016fjde kniha za \u010dten\u00e1\u0159em\u201c<\/em>, mo\u017en\u00e1 mysleli dob\u0159e. Bylo jim l\u00edto, \u017ee n\u011bkte\u0159\u00ed lid\u00e9 knihovny v\u016fbec nenav\u0161t\u011bvuj\u00ed a p\u0159ich\u00e1z\u00ed tak o skv\u011bl\u00e9 \u010dten\u00e1\u0159sk\u00e9 z\u00e1\u017eitky. Z&nbsp;dne\u0161n\u00edho pohledu m\u016f\u017eeme na tento experiment tuchlovick\u00e9 knihovny a jej\u00ed propagaci \u201ehodnotn\u00e9 literatury\u201c prost\u0159ednictv\u00edm knihovn\u00edk\u016f pohl\u00ed\u017eet jako na zaj\u00edmav\u00fd fenom\u00e9n.<\/p>\n\n\n\n<p>Tuchlovick\u00e9 hnut\u00ed se za\u010dalo oz\u00fdvat koncem \u010dty\u0159ic\u00e1t\u00fdch let 20. stolet\u00ed v&nbsp;Tuchlovic\u00edch u Slan\u00e9ho. M\u00edstn\u00ed knihovn\u00edci se rozhodli, \u017ee nal\u00e1kaj\u00ed lidi z&nbsp;obce do knihovny a nau\u010d\u00ed je \u010d\u00edst hodnotnou literaturu. Zpo\u010d\u00e1tku se jejich aktivita zd\u00e1la b\u00fdt dobrou snahou, jak z\u00edskat pravideln\u00e9 \u010dten\u00e1\u0159e, a to i mezi obyvateli, kte\u0159\u00ed by do knihovny norm\u00e1ln\u011b nechodili. Postupem \u010dasu ale za\u010dala b\u00fdt pom\u011brn\u011b patrn\u00e1 jist\u00e1 ideologizace. Zvolili zaj\u00edmavou taktiku. Napadlo je, \u017ee v\u0161echny ob\u010dany Tuchlovic, kte\u0159\u00ed nechod\u00ed do knihovny, za\u010dnou nav\u0161t\u011bvovat a nab\u00edzet knihy p\u0159\u00edmo d\u016fm od domu. Proto\u017ee knihovn\u00edci by v\u0161echny rodiny obej\u00edt nestihli, zapojili m\u00edstn\u00ed pion\u00fdry. Ml\u00e1de\u017en\u00edci se sv\u00e9 role zodpov\u011bdn\u011b ujali a za\u010dali obch\u00e1zet konkr\u00e9tn\u00ed rodiny a nab\u00edzet jim \u201ebrakovou\u201c literaturu. Bylo jasn\u00e9, \u017ee na kvalitn\u00ed sov\u011btskou literaturu by v\u011bt\u0161inu lid\u00ed do knihovny nenal\u00e1kali, proto v&nbsp;prvn\u00ed f\u00e1zi nab\u00edzeli knihy dobrodru\u017en\u00e9 a detektivky. \u0160lo o silnou taktiku, kter\u00e1 p\u0159edpokl\u00e1dala, \u017ee poklesl\u00e9 \u017e\u00e1nry by potenci\u00e1ln\u00ed n\u00e1v\u0161t\u011bvn\u00edci knihovny mohli \u010d\u00edst. Dokonce si knihovn\u00edci vytv\u00e1\u0159eli mapy jednotliv\u00fdch dom\u016f v&nbsp;obci a vybarvovali je podle toho, kolik lid\u00ed z&nbsp;jedn\u00e9 rodiny u\u017e do knihovny chod\u00ed a kde nechod\u00ed nikdo.<\/p>\n\n\n\n<figure class=\"wp-block-image size-large\"><img loading=\"lazy\" decoding=\"async\" width=\"1024\" height=\"1024\" src=\"https:\/\/blog.knihovnauk.cz\/wp-content\/uploads\/2021\/06\/IMG_20201120_212956-COLLAGE-1024x1024.jpg\" alt=\"\" class=\"wp-image-1782\" srcset=\"https:\/\/blog.knihovnauk.cz\/wp-content\/uploads\/2021\/06\/IMG_20201120_212956-COLLAGE-1024x1024.jpg 1024w, https:\/\/blog.knihovnauk.cz\/wp-content\/uploads\/2021\/06\/IMG_20201120_212956-COLLAGE-300x300.jpg 300w, https:\/\/blog.knihovnauk.cz\/wp-content\/uploads\/2021\/06\/IMG_20201120_212956-COLLAGE-150x150.jpg 150w, https:\/\/blog.knihovnauk.cz\/wp-content\/uploads\/2021\/06\/IMG_20201120_212956-COLLAGE-768x768.jpg 768w, https:\/\/blog.knihovnauk.cz\/wp-content\/uploads\/2021\/06\/IMG_20201120_212956-COLLAGE-1536x1536.jpg 1536w, https:\/\/blog.knihovnauk.cz\/wp-content\/uploads\/2021\/06\/IMG_20201120_212956-COLLAGE-696x696.jpg 696w, https:\/\/blog.knihovnauk.cz\/wp-content\/uploads\/2021\/06\/IMG_20201120_212956-COLLAGE-1392x1392.jpg 1392w, https:\/\/blog.knihovnauk.cz\/wp-content\/uploads\/2021\/06\/IMG_20201120_212956-COLLAGE-1068x1068.jpg 1068w, https:\/\/blog.knihovnauk.cz\/wp-content\/uploads\/2021\/06\/IMG_20201120_212956-COLLAGE-1920x1920.jpg 1920w, https:\/\/blog.knihovnauk.cz\/wp-content\/uploads\/2021\/06\/IMG_20201120_212956-COLLAGE.jpg 2046w\" sizes=\"auto, (max-width: 1024px) 100vw, 1024px\" \/><\/figure>\n\n\n\n<p>N\u00e1sledoval dal\u0161\u00ed krok \u2013 jak konkr\u00e9tn\u00edho \u010dlov\u011bka nal\u00e1kat p\u0159\u00edmo do knihovny. P\u0159i druh\u00e9 n\u00e1v\u0161t\u011bv\u011b potenci\u00e1ln\u00edmu \u010dten\u00e1\u0159i nab\u00eddli knihu, kter\u00e1 byla sice z&nbsp;tehdej\u0161\u00edho pohledu d\u00e1l brakov\u00e1 a nehodnotn\u00e1, ale \u010dten\u00e1\u0159sky zaj\u00edmav\u00e1. Ov\u0161em u\u017e to nebyla ledajak\u00e1 kniha, ale prvn\u00ed d\u00edl v\u00edcesvazkov\u00e9 publikace. Z\u00e1rove\u0148 bylo doty\u010dn\u00e9mu \u0159e\u010deno, \u017ee pro dal\u0161\u00ed d\u00edl si mus\u00ed doj\u00edt do knihovny. \u010casto se stalo, \u017ee takto o\u0161\u00e1len\u00fd \u010dten\u00e1\u0159 se do p\u0159\u00edb\u011bhu za\u010detl, druh\u00fd d\u00edl zkr\u00e1tka pot\u0159eboval a do knihovny p\u0159i\u0161el. V&nbsp;tom okam\u017eiku se s&nbsp;n\u00edm p\u0159\u00edtomn\u00fd knihovn\u00edk pokusil ideologicky pracovat a p\u0159iv\u00e9st ho k&nbsp;\u010detb\u011b n\u011b\u010deho \u201ehodnotn\u011bj\u0161\u00edho\u201c. Pravd\u011bpodobn\u011b to zkusil p\u0159es klasick\u00e9 \u010desk\u00e9 autory a\u017e po \u010detbu sov\u011btsk\u00e9ho realismu.<\/p>\n\n\n\n<p>N\u011bkter\u00e9 zpr\u00e1vy se nesou rychle. Brzy tak do\u0161lo k&nbsp;tomu, \u017ee \u010dinnost tuchlovick\u00fdch knihovn\u00edk\u016f nez\u016fstala jen lok\u00e1ln\u00ed z\u00e1le\u017eitost\u00ed. Jejich uv\u011bdom\u011bl\u00e9 pr\u00e1ce si toti\u017e v\u0161imlo ministerstvo, tuto aktivitu zpropagovalo v&nbsp;tisku a nab\u00e1dalo knihovn\u00edky z&nbsp;ostatn\u00edch knihoven, aby tuchlovick\u00fd p\u0159\u00edklad n\u00e1sledovali a zasadili se tak o zv\u00fd\u0161en\u00ed n\u00e1v\u0161t\u011bvnosti knihoven a o zm\u011bnu v&nbsp;n\u00e1vyc\u00edch \u010dten\u00e1\u0159\u016f. C\u00edlem samoz\u0159ejm\u011b bylo dostat ob\u010dany od \u201ebrakov\u00e9\u201c literatury k&nbsp;hodnotn\u00e9 socialistick\u00e9 literatu\u0159e. Koncem \u010dty\u0159ic\u00e1t\u00fdch let a za\u010d\u00e1tkem pades\u00e1t\u00fdch let 20. stolet\u00ed byla tato aktivita pom\u011brn\u011b roz\u0161\u00ed\u0159en\u00e1.<\/p>\n\n\n\n<p>Pokud se chcete dozv\u011bd\u011bt v\u00edce o tom, jak bylo knihoven vyu\u017e\u00edv\u00e1no v\u00a0dob\u011b politick\u00e9ho boje, za p\u0159e\u010dten\u00ed ur\u010dit\u011b stoj\u00ed kniha \u010desk\u00e9ho historika a kritika <a href=\"https:\/\/cs.wikipedia.org\/wiki\/Petr_%C5%A0%C3%A1mal\" target=\"_blank\" rel=\"noreferrer noopener\"><strong>Petra \u0160\u00e1mala<\/strong><\/a><strong> \u00a0<em>SOUSTRU\u017dN\u00cdCI LIDSK\u00ddCH DU\u0160\u00cd <\/em><\/strong>(Academia, 2017). Publikaci o lidov\u00fdch knihovn\u00e1ch a jejich cenzu\u0159e na po\u010d\u00e1tku pades\u00e1t\u00fdch let 20. stolet\u00ed si lze vyp\u016fj\u010dit i v\u00a0na\u0161\u00ed knihovn\u011b&#8230; a nebojte se, m\u00e1me spoustu dal\u0161\u00edch zaj\u00edmav\u00fdch, poutav\u00fdch a kr\u00e1sn\u00fdch knih a \u017e\u00e1dnou z nich v\u00e1m \u010d\u00edst nezak\u00e1\u017eeme.<\/p>\n\n\n\n<p class=\"has-text-align-right\">Text\/Jana Bedn\u00e1\u0159ov\u00e1<\/p>\n\n\n\n<p class=\"has-small-font-size\">\u0160\u00c1MAL, Petr. <a href=\"https:\/\/katalog.knihovnauk.cz\/detail\/3523441?search=9b22fad8-377d-4907-8515-d5032ec906fa&amp;si=1&amp;ticketId=-24\" target=\"_blank\" rel=\"noreferrer noopener\"><em>Soustru\u017en\u00edci lidsk\u00fdch du\u0161\u00ed: lidov\u00e9 knihovny a jejich cenzura na po\u010d\u00e1tku pades\u00e1t\u00fdch let 20. stolet\u00ed: (s edic\u00ed seznam\u016f zak\u00e1zan\u00fdch knih)<\/em><\/a>. Praha: Academia, 2009. ISBN 978-80-200-1709-3.<\/p>\n","protected":false},"excerpt":{"rendered":"<p>Sly\u0161eli jste n\u011bkdy o tzv. tuchlovick\u00e9m hnut\u00ed? J\u00e1 jsem si na n\u011bj vzpomn\u011bla asocia\u010dn\u00ed oklikou, kter\u00e1 s\u00a0n\u00edm vlastn\u011b nesouvis\u00ed. Vych\u00e1z\u00ed ov\u0161em z\u00a0podobn\u00e9 my\u0161lenky a touhy knihovn\u00edka, \u017ee kdy\u017e nen\u00ed \u010dten\u00e1\u0159 v\u00a0knihovn\u011b, p\u016fjde knihovna za \u010dten\u00e1\u0159em (jako my te\u010f online t\u0159eba a\u017e k\u00a0v\u00e1m dom\u016f). Tuchlovi\u010dt\u00ed my\u0161lenku, \u017ee \u201enejdou-li \u010dten\u00e1\u0159i za knihovnou, p\u016fjde kniha za \u010dten\u00e1\u0159em\u201c, mo\u017en\u00e1 [&hellip;]<\/p>\n","protected":false},"author":3,"featured_media":1786,"comment_status":"open","ping_status":"open","sticky":false,"template":"","format":"standard","meta":{"_monsterinsights_skip_tracking":false,"_monsterinsights_sitenote_active":false,"_monsterinsights_sitenote_note":"","_monsterinsights_sitenote_category":0,"footnotes":""},"categories":[70,28,37,20,29],"tags":[274,273],"class_list":["post-1780","post","type-post","status-publish","format-standard","has-post-thumbnail","hentry","category-anotace","category-historie","category-literatura","category-recenze","category-zajimavosti","tag-lidova-knihovna","tag-petr-samal"],"yoast_head":"<!-- This site is optimized with the Yoast SEO plugin v24.8.1 - https:\/\/yoast.com\/wordpress\/plugins\/seo\/ -->\n<title>TUCHLOVICK\u00c9 HNUT\u00cd - Magaz\u00edn Knihovny \u00dasteck\u00e9ho kraje<\/title>\n<meta name=\"robots\" content=\"index, follow, max-snippet:-1, max-image-preview:large, max-video-preview:-1\" \/>\n<link rel=\"canonical\" href=\"https:\/\/blog.svkul.cz\/index.php\/2021\/06\/21\/tuchlovicke-hnuti\/\" \/>\n<meta property=\"og:locale\" content=\"cs_CZ\" \/>\n<meta property=\"og:type\" content=\"article\" \/>\n<meta property=\"og:title\" content=\"TUCHLOVICK\u00c9 HNUT\u00cd - Magaz\u00edn Knihovny \u00dasteck\u00e9ho kraje\" \/>\n<meta property=\"og:description\" content=\"Sly\u0161eli jste n\u011bkdy o tzv. tuchlovick\u00e9m hnut\u00ed? J\u00e1 jsem si na n\u011bj vzpomn\u011bla asocia\u010dn\u00ed oklikou, kter\u00e1 s\u00a0n\u00edm vlastn\u011b nesouvis\u00ed. Vych\u00e1z\u00ed ov\u0161em z\u00a0podobn\u00e9 my\u0161lenky a touhy knihovn\u00edka, \u017ee kdy\u017e nen\u00ed \u010dten\u00e1\u0159 v\u00a0knihovn\u011b, p\u016fjde knihovna za \u010dten\u00e1\u0159em (jako my te\u010f online t\u0159eba a\u017e k\u00a0v\u00e1m dom\u016f). Tuchlovi\u010dt\u00ed my\u0161lenku, \u017ee \u201enejdou-li \u010dten\u00e1\u0159i za knihovnou, p\u016fjde kniha za \u010dten\u00e1\u0159em\u201c, mo\u017en\u00e1 [&hellip;]\" \/>\n<meta property=\"og:url\" content=\"https:\/\/blog.svkul.cz\/index.php\/2021\/06\/21\/tuchlovicke-hnuti\/\" \/>\n<meta property=\"og:site_name\" content=\"Magaz\u00edn Knihovny \u00dasteck\u00e9ho kraje\" \/>\n<meta property=\"article:publisher\" content=\"https:\/\/www.facebook.com\/svkusti\" \/>\n<meta property=\"article:published_time\" content=\"2021-06-21T04:53:57+00:00\" \/>\n<meta property=\"article:modified_time\" content=\"2021-06-21T04:53:59+00:00\" \/>\n<meta property=\"og:image\" content=\"https:\/\/blog.svkul.cz\/wp-content\/uploads\/2021\/06\/blog-5.jpg\" \/>\n\t<meta property=\"og:image:width\" content=\"2008\" \/>\n\t<meta property=\"og:image:height\" content=\"1264\" \/>\n\t<meta property=\"og:image:type\" content=\"image\/jpeg\" \/>\n<meta name=\"author\" content=\"Jana Bedn\u00e1\u0159ov\u00e1\" \/>\n<meta name=\"twitter:card\" content=\"summary_large_image\" \/>\n<meta name=\"twitter:label1\" content=\"Napsal(a)\" \/>\n\t<meta name=\"twitter:data1\" content=\"Jana Bedn\u00e1\u0159ov\u00e1\" \/>\n\t<meta name=\"twitter:label2\" content=\"Odhadovan\u00e1 doba \u010dten\u00ed\" \/>\n\t<meta name=\"twitter:data2\" content=\"3 minuty\" \/>\n<script type=\"application\/ld+json\" class=\"yoast-schema-graph\">{\"@context\":\"https:\/\/schema.org\",\"@graph\":[{\"@type\":\"WebPage\",\"@id\":\"https:\/\/blog.svkul.cz\/index.php\/2021\/06\/21\/tuchlovicke-hnuti\/\",\"url\":\"https:\/\/blog.svkul.cz\/index.php\/2021\/06\/21\/tuchlovicke-hnuti\/\",\"name\":\"TUCHLOVICK\u00c9 HNUT\u00cd - Magaz\u00edn Knihovny \u00dasteck\u00e9ho kraje\",\"isPartOf\":{\"@id\":\"https:\/\/blog.svkul.cz\/#website\"},\"primaryImageOfPage\":{\"@id\":\"https:\/\/blog.svkul.cz\/index.php\/2021\/06\/21\/tuchlovicke-hnuti\/#primaryimage\"},\"image\":{\"@id\":\"https:\/\/blog.svkul.cz\/index.php\/2021\/06\/21\/tuchlovicke-hnuti\/#primaryimage\"},\"thumbnailUrl\":\"https:\/\/blog.knihovnauk.cz\/wp-content\/uploads\/2021\/06\/blog-5.jpg\",\"datePublished\":\"2021-06-21T04:53:57+00:00\",\"dateModified\":\"2021-06-21T04:53:59+00:00\",\"author\":{\"@id\":\"https:\/\/blog.svkul.cz\/#\/schema\/person\/47a04d204a241785411ef61669101361\"},\"breadcrumb\":{\"@id\":\"https:\/\/blog.svkul.cz\/index.php\/2021\/06\/21\/tuchlovicke-hnuti\/#breadcrumb\"},\"inLanguage\":\"cs\",\"potentialAction\":[{\"@type\":\"ReadAction\",\"target\":[\"https:\/\/blog.svkul.cz\/index.php\/2021\/06\/21\/tuchlovicke-hnuti\/\"]}]},{\"@type\":\"ImageObject\",\"inLanguage\":\"cs\",\"@id\":\"https:\/\/blog.svkul.cz\/index.php\/2021\/06\/21\/tuchlovicke-hnuti\/#primaryimage\",\"url\":\"https:\/\/blog.knihovnauk.cz\/wp-content\/uploads\/2021\/06\/blog-5.jpg\",\"contentUrl\":\"https:\/\/blog.knihovnauk.cz\/wp-content\/uploads\/2021\/06\/blog-5.jpg\",\"width\":2008,\"height\":1264},{\"@type\":\"BreadcrumbList\",\"@id\":\"https:\/\/blog.svkul.cz\/index.php\/2021\/06\/21\/tuchlovicke-hnuti\/#breadcrumb\",\"itemListElement\":[{\"@type\":\"ListItem\",\"position\":1,\"name\":\"Dom\u016f\",\"item\":\"https:\/\/blog.svkul.cz\/\"},{\"@type\":\"ListItem\",\"position\":2,\"name\":\"TUCHLOVICK\u00c9 HNUT\u00cd\"}]},{\"@type\":\"WebSite\",\"@id\":\"https:\/\/blog.svkul.cz\/#website\",\"url\":\"https:\/\/blog.svkul.cz\/\",\"name\":\"Magaz\u00edn Severo\u010desk\u00e9 v\u011bdeck\u00e9 knihovny v \u00dast\u00ed nad Labem\",\"description\":\"V\u011bnujeme se literatu\u0159e, um\u011bn\u00ed, knih\u00e1m a v\u0161emu, co n\u00e1s bav\u00ed a zaj\u00edm\u00e1.\",\"potentialAction\":[{\"@type\":\"SearchAction\",\"target\":{\"@type\":\"EntryPoint\",\"urlTemplate\":\"https:\/\/blog.svkul.cz\/?s={search_term_string}\"},\"query-input\":{\"@type\":\"PropertyValueSpecification\",\"valueRequired\":true,\"valueName\":\"search_term_string\"}}],\"inLanguage\":\"cs\"},{\"@type\":\"Person\",\"@id\":\"https:\/\/blog.svkul.cz\/#\/schema\/person\/47a04d204a241785411ef61669101361\",\"name\":\"Jana Bedn\u00e1\u0159ov\u00e1\",\"image\":{\"@type\":\"ImageObject\",\"inLanguage\":\"cs\",\"@id\":\"https:\/\/blog.svkul.cz\/#\/schema\/person\/image\/\",\"url\":\"https:\/\/secure.gravatar.com\/avatar\/feed32ccb3868657e7f4d943c86fd49e?s=96&d=mm&r=g\",\"contentUrl\":\"https:\/\/secure.gravatar.com\/avatar\/feed32ccb3868657e7f4d943c86fd49e?s=96&d=mm&r=g\",\"caption\":\"Jana Bedn\u00e1\u0159ov\u00e1\"},\"url\":\"https:\/\/blog.knihovnauk.cz\/index.php\/author\/jana-bednarova\/\"}]}<\/script>\n<!-- \/ Yoast SEO plugin. -->","yoast_head_json":{"title":"TUCHLOVICK\u00c9 HNUT\u00cd - Magaz\u00edn Knihovny \u00dasteck\u00e9ho kraje","robots":{"index":"index","follow":"follow","max-snippet":"max-snippet:-1","max-image-preview":"max-image-preview:large","max-video-preview":"max-video-preview:-1"},"canonical":"https:\/\/blog.svkul.cz\/index.php\/2021\/06\/21\/tuchlovicke-hnuti\/","og_locale":"cs_CZ","og_type":"article","og_title":"TUCHLOVICK\u00c9 HNUT\u00cd - Magaz\u00edn Knihovny \u00dasteck\u00e9ho kraje","og_description":"Sly\u0161eli jste n\u011bkdy o tzv. tuchlovick\u00e9m hnut\u00ed? J\u00e1 jsem si na n\u011bj vzpomn\u011bla asocia\u010dn\u00ed oklikou, kter\u00e1 s\u00a0n\u00edm vlastn\u011b nesouvis\u00ed. Vych\u00e1z\u00ed ov\u0161em z\u00a0podobn\u00e9 my\u0161lenky a touhy knihovn\u00edka, \u017ee kdy\u017e nen\u00ed \u010dten\u00e1\u0159 v\u00a0knihovn\u011b, p\u016fjde knihovna za \u010dten\u00e1\u0159em (jako my te\u010f online t\u0159eba a\u017e k\u00a0v\u00e1m dom\u016f). Tuchlovi\u010dt\u00ed my\u0161lenku, \u017ee \u201enejdou-li \u010dten\u00e1\u0159i za knihovnou, p\u016fjde kniha za \u010dten\u00e1\u0159em\u201c, mo\u017en\u00e1 [&hellip;]","og_url":"https:\/\/blog.svkul.cz\/index.php\/2021\/06\/21\/tuchlovicke-hnuti\/","og_site_name":"Magaz\u00edn Knihovny \u00dasteck\u00e9ho kraje","article_publisher":"https:\/\/www.facebook.com\/svkusti","article_published_time":"2021-06-21T04:53:57+00:00","article_modified_time":"2021-06-21T04:53:59+00:00","og_image":[{"width":2008,"height":1264,"url":"https:\/\/blog.svkul.cz\/wp-content\/uploads\/2021\/06\/blog-5.jpg","type":"image\/jpeg"}],"author":"Jana Bedn\u00e1\u0159ov\u00e1","twitter_card":"summary_large_image","twitter_misc":{"Napsal(a)":"Jana Bedn\u00e1\u0159ov\u00e1","Odhadovan\u00e1 doba \u010dten\u00ed":"3 minuty"},"schema":{"@context":"https:\/\/schema.org","@graph":[{"@type":"WebPage","@id":"https:\/\/blog.svkul.cz\/index.php\/2021\/06\/21\/tuchlovicke-hnuti\/","url":"https:\/\/blog.svkul.cz\/index.php\/2021\/06\/21\/tuchlovicke-hnuti\/","name":"TUCHLOVICK\u00c9 HNUT\u00cd - Magaz\u00edn Knihovny \u00dasteck\u00e9ho kraje","isPartOf":{"@id":"https:\/\/blog.svkul.cz\/#website"},"primaryImageOfPage":{"@id":"https:\/\/blog.svkul.cz\/index.php\/2021\/06\/21\/tuchlovicke-hnuti\/#primaryimage"},"image":{"@id":"https:\/\/blog.svkul.cz\/index.php\/2021\/06\/21\/tuchlovicke-hnuti\/#primaryimage"},"thumbnailUrl":"https:\/\/blog.knihovnauk.cz\/wp-content\/uploads\/2021\/06\/blog-5.jpg","datePublished":"2021-06-21T04:53:57+00:00","dateModified":"2021-06-21T04:53:59+00:00","author":{"@id":"https:\/\/blog.svkul.cz\/#\/schema\/person\/47a04d204a241785411ef61669101361"},"breadcrumb":{"@id":"https:\/\/blog.svkul.cz\/index.php\/2021\/06\/21\/tuchlovicke-hnuti\/#breadcrumb"},"inLanguage":"cs","potentialAction":[{"@type":"ReadAction","target":["https:\/\/blog.svkul.cz\/index.php\/2021\/06\/21\/tuchlovicke-hnuti\/"]}]},{"@type":"ImageObject","inLanguage":"cs","@id":"https:\/\/blog.svkul.cz\/index.php\/2021\/06\/21\/tuchlovicke-hnuti\/#primaryimage","url":"https:\/\/blog.knihovnauk.cz\/wp-content\/uploads\/2021\/06\/blog-5.jpg","contentUrl":"https:\/\/blog.knihovnauk.cz\/wp-content\/uploads\/2021\/06\/blog-5.jpg","width":2008,"height":1264},{"@type":"BreadcrumbList","@id":"https:\/\/blog.svkul.cz\/index.php\/2021\/06\/21\/tuchlovicke-hnuti\/#breadcrumb","itemListElement":[{"@type":"ListItem","position":1,"name":"Dom\u016f","item":"https:\/\/blog.svkul.cz\/"},{"@type":"ListItem","position":2,"name":"TUCHLOVICK\u00c9 HNUT\u00cd"}]},{"@type":"WebSite","@id":"https:\/\/blog.svkul.cz\/#website","url":"https:\/\/blog.svkul.cz\/","name":"Magaz\u00edn Severo\u010desk\u00e9 v\u011bdeck\u00e9 knihovny v \u00dast\u00ed nad Labem","description":"V\u011bnujeme se literatu\u0159e, um\u011bn\u00ed, knih\u00e1m a v\u0161emu, co n\u00e1s bav\u00ed a zaj\u00edm\u00e1.","potentialAction":[{"@type":"SearchAction","target":{"@type":"EntryPoint","urlTemplate":"https:\/\/blog.svkul.cz\/?s={search_term_string}"},"query-input":{"@type":"PropertyValueSpecification","valueRequired":true,"valueName":"search_term_string"}}],"inLanguage":"cs"},{"@type":"Person","@id":"https:\/\/blog.svkul.cz\/#\/schema\/person\/47a04d204a241785411ef61669101361","name":"Jana Bedn\u00e1\u0159ov\u00e1","image":{"@type":"ImageObject","inLanguage":"cs","@id":"https:\/\/blog.svkul.cz\/#\/schema\/person\/image\/","url":"https:\/\/secure.gravatar.com\/avatar\/feed32ccb3868657e7f4d943c86fd49e?s=96&d=mm&r=g","contentUrl":"https:\/\/secure.gravatar.com\/avatar\/feed32ccb3868657e7f4d943c86fd49e?s=96&d=mm&r=g","caption":"Jana Bedn\u00e1\u0159ov\u00e1"},"url":"https:\/\/blog.knihovnauk.cz\/index.php\/author\/jana-bednarova\/"}]}},"_links":{"self":[{"href":"https:\/\/blog.knihovnauk.cz\/index.php\/wp-json\/wp\/v2\/posts\/1780","targetHints":{"allow":["GET"]}}],"collection":[{"href":"https:\/\/blog.knihovnauk.cz\/index.php\/wp-json\/wp\/v2\/posts"}],"about":[{"href":"https:\/\/blog.knihovnauk.cz\/index.php\/wp-json\/wp\/v2\/types\/post"}],"author":[{"embeddable":true,"href":"https:\/\/blog.knihovnauk.cz\/index.php\/wp-json\/wp\/v2\/users\/3"}],"replies":[{"embeddable":true,"href":"https:\/\/blog.knihovnauk.cz\/index.php\/wp-json\/wp\/v2\/comments?post=1780"}],"version-history":[{"count":2,"href":"https:\/\/blog.knihovnauk.cz\/index.php\/wp-json\/wp\/v2\/posts\/1780\/revisions"}],"predecessor-version":[{"id":1784,"href":"https:\/\/blog.knihovnauk.cz\/index.php\/wp-json\/wp\/v2\/posts\/1780\/revisions\/1784"}],"wp:featuredmedia":[{"embeddable":true,"href":"https:\/\/blog.knihovnauk.cz\/index.php\/wp-json\/wp\/v2\/media\/1786"}],"wp:attachment":[{"href":"https:\/\/blog.knihovnauk.cz\/index.php\/wp-json\/wp\/v2\/media?parent=1780"}],"wp:term":[{"taxonomy":"category","embeddable":true,"href":"https:\/\/blog.knihovnauk.cz\/index.php\/wp-json\/wp\/v2\/categories?post=1780"},{"taxonomy":"post_tag","embeddable":true,"href":"https:\/\/blog.knihovnauk.cz\/index.php\/wp-json\/wp\/v2\/tags?post=1780"}],"curies":[{"name":"wp","href":"https:\/\/api.w.org\/{rel}","templated":true}]}}