{"id":1815,"date":"2021-06-29T10:53:25","date_gmt":"2021-06-29T08:53:25","guid":{"rendered":"https:\/\/blog.knihovnauk.cz\/?p=1815"},"modified":"2021-06-29T10:53:27","modified_gmt":"2021-06-29T08:53:27","slug":"znate-gloria-musaealis","status":"publish","type":"post","link":"https:\/\/blog.knihovnauk.cz\/index.php\/2021\/06\/29\/znate-gloria-musaealis\/","title":{"rendered":"Zn\u00e1te Gloria musaealis?"},"content":{"rendered":"\n<p class=\"has-drop-cap\"><strong>Kdo v\u00ed, odpov\u00ed, kdo nev\u00ed, nevad\u00ed. <a href=\"https:\/\/www.cz-museums.cz\/web\/gloria_musaealis\/titulni\" target=\"_blank\" rel=\"noreferrer noopener\">Gloria musaealis<\/a> je N\u00e1rodn\u00ed sout\u011b\u017e muze\u00ed a v\u00a0lo\u0148sk\u00e9m roce 2020 se uskute\u010dnil ji\u017e XIX. ro\u010dn\u00edk. Slavnostn\u00ed vyhl\u00e1\u0161en\u00ed v\u00fdsledk\u016f Smetanov\u011b s\u00edni Obecn\u00edho domu prob\u011bhlo kv\u016fli pandemii virov\u00e9 choroby covid-19 a\u017e 17. \u00a0\u010dervna 2021. Sout\u011b\u017e\u00ed se v\u00a0kategorii muzejn\u00ed v\u00fdstava, publikace a po\u010din roku.\u00a0 Tolik jen velmi stru\u010dn\u011b a obecn\u011b k\u00a0sout\u011b\u017ei. Nyn\u00ed k\u00a0hlavn\u00edmu d\u016fvodu, pro\u010d by v\u00e1s leto\u0161n\u00ed ro\u010dn\u00edk jako \u010dten\u00e1\u0159e Severo\u010desk\u00e9 v\u011bdeck\u00e9 knihovny mohl zaj\u00edmat.<\/strong><\/p>\n\n\n\n<p>Prvn\u00ed \u00fasp\u011bch p\u0159inesla v\u00fdstava <a href=\"http:\/\/www.muzeumusti.cz\/\" target=\"_blank\" rel=\"noreferrer noopener\">Muzea m\u011bsta \u00dast\u00ed nad Labem<\/a>. V\u00a0kategorii Muzejn\u00ed v\u00fdstava roku 2020 vyhr\u00e1lo muzeum s\u00a0v\u00fdstavou \u201eP\u00edsky zn\u00e1m\u00e9 i nezn\u00e1m\u00e9 aneb Fascinuj\u00edc\u00ed sv\u011bt oby\u010dejn\u00e9ho p\u00edsku\u201c. V\u00fdstava o oby\u010dejn\u00e9m a zn\u00e1m\u00e9m materi\u00e1lu, kter\u00e1 p\u0159inesla neoby\u010dejn\u00fd \u00fasp\u011bch v\u00fdznamn\u00e9 instituci regionu. Rozhodn\u011b velik\u00fd \u00fasp\u011bch a zaslou\u017e\u00ed si uzn\u00e1n\u00ed.<\/p>\n\n\n\n<div class=\"wp-block-image\"><figure class=\"aligncenter size-large\"><img loading=\"lazy\" decoding=\"async\" width=\"554\" height=\"736\" src=\"https:\/\/blog.knihovnauk.cz\/wp-content\/uploads\/2021\/06\/obalka_NOUZE-1.jpg\" alt=\"\" class=\"wp-image-1817\" srcset=\"https:\/\/blog.knihovnauk.cz\/wp-content\/uploads\/2021\/06\/obalka_NOUZE-1.jpg 554w, https:\/\/blog.knihovnauk.cz\/wp-content\/uploads\/2021\/06\/obalka_NOUZE-1-226x300.jpg 226w\" sizes=\"auto, (max-width: 554px) 100vw, 554px\" \/><figcaption>Kn\u00ed\u017eku &#8222;Um\u011bn\u00ed v nouzi!?&#8220; si m\u016f\u017eete prostudovat tak\u00e9 u n\u00e1s v region\u00e1ln\u00ed studovn\u011b pod signaturou <a href=\"https:\/\/katalog.knihovnauk.cz\/detail\/3765551?search=878ac6f0-25e2-447c-b195-c79e508a8614&amp;si=1\" target=\"_blank\" rel=\"noreferrer noopener\">IN274459<\/a><\/figcaption><\/figure><\/div>\n\n\n\n<p>Druh\u00fdm \u00fasp\u011bchem instituce z\u00a0regionu byla v\u00fdhra v\u00a0kategorii Muzejn\u00ed publikace roku 2020, kterou vyhr\u00e1la publikace <a href=\"https:\/\/zamek-teplice.cz\/cz\" target=\"_blank\" rel=\"noreferrer noopener\">Region\u00e1ln\u00edho muzea v\u00a0Teplic\u00edch<\/a> s\u00a0n\u00e1zvem \u201eUm\u011bn\u00ed v\u00a0nouzi!?\u201c. \u010cesko \u2013 n\u011bmeck\u00e1 publikace vych\u00e1z\u00ed jako katalog stejnojmenn\u00e9 \u00fasp\u011b\u0161n\u00e9 v\u00fdstavy muzea konan\u00e9 od z\u00e1\u0159\u00ed 2019 do \u00fanora 2020. Publikace je v\u011bnov\u00e1na aktivit\u00e1m Sekce pro v\u00fdtvarn\u00e9 um\u011bn\u00ed muzejn\u00ed spole\u010dnosti Teplice-\u0160anov, kter\u00e1 p\u016fsobila v\u00a0letech 1932-1938. B\u011bhem nedlouh\u00e9 doby sv\u00e9 \u010dinnosti uspo\u0159\u00e1dala sekce 19 v\u00fdstav, provozovala m\u011bstskou galerii a polo\u017eila z\u00e1klad muzejn\u00ed sb\u00edrce.<\/p>\n\n\n\n<p>Chcete-li se dozv\u011bd\u011bt v\u00edce o kulturn\u00edch a spole\u010densk\u00fdch souvislostech a poznat jednu ze zaj\u00edmav\u00fdch kapitol n\u011bmecko-\u010desk\u00e9ho um\u011bn\u00ed v&nbsp;meziv\u00e1le\u010dn\u00e9m \u010ceskoslovensku z&nbsp;na\u0161eho regionu nen\u00ed lep\u0161\u00ed volba ne\u017e tato publikace.<\/p>\n\n\n\n<p>Text publikace je dopln\u011bn reprodukcemi um\u011bleck\u00fdch d\u011bl, archivn\u00edch dokument\u016f, ale tak\u00e9 pohlednic a fotografi\u00ed z&nbsp;ulic tehdej\u0161\u00edch Teplic.&nbsp;<\/p>\n\n\n\n<div class=\"wp-block-image\"><figure class=\"aligncenter size-large\"><img loading=\"lazy\" decoding=\"async\" width=\"1024\" height=\"750\" src=\"https:\/\/blog.knihovnauk.cz\/wp-content\/uploads\/2021\/06\/IMG_8321-1024x750.jpeg\" alt=\"\" class=\"wp-image-1827\" srcset=\"https:\/\/blog.knihovnauk.cz\/wp-content\/uploads\/2021\/06\/IMG_8321-1024x750.jpeg 1024w, https:\/\/blog.knihovnauk.cz\/wp-content\/uploads\/2021\/06\/IMG_8321-300x220.jpeg 300w, https:\/\/blog.knihovnauk.cz\/wp-content\/uploads\/2021\/06\/IMG_8321-768x563.jpeg 768w, https:\/\/blog.knihovnauk.cz\/wp-content\/uploads\/2021\/06\/IMG_8321-1536x1125.jpeg 1536w, https:\/\/blog.knihovnauk.cz\/wp-content\/uploads\/2021\/06\/IMG_8321-696x510.jpeg 696w, https:\/\/blog.knihovnauk.cz\/wp-content\/uploads\/2021\/06\/IMG_8321-1392x1020.jpeg 1392w, https:\/\/blog.knihovnauk.cz\/wp-content\/uploads\/2021\/06\/IMG_8321-1068x782.jpeg 1068w, https:\/\/blog.knihovnauk.cz\/wp-content\/uploads\/2021\/06\/IMG_8321-1920x1406.jpeg 1920w, https:\/\/blog.knihovnauk.cz\/wp-content\/uploads\/2021\/06\/IMG_8321.jpeg 2048w\" sizes=\"auto, (max-width: 1024px) 100vw, 1024px\" \/><\/figure><\/div>\n\n\n\n<div class=\"wp-block-image\"><figure class=\"aligncenter size-large\"><img loading=\"lazy\" decoding=\"async\" width=\"1024\" height=\"768\" src=\"https:\/\/blog.knihovnauk.cz\/wp-content\/uploads\/2021\/06\/IMG_8322-1024x768.jpeg\" alt=\"\" class=\"wp-image-1828\" srcset=\"https:\/\/blog.knihovnauk.cz\/wp-content\/uploads\/2021\/06\/IMG_8322-1024x768.jpeg 1024w, https:\/\/blog.knihovnauk.cz\/wp-content\/uploads\/2021\/06\/IMG_8322-300x225.jpeg 300w, https:\/\/blog.knihovnauk.cz\/wp-content\/uploads\/2021\/06\/IMG_8322-768x576.jpeg 768w, https:\/\/blog.knihovnauk.cz\/wp-content\/uploads\/2021\/06\/IMG_8322-1536x1152.jpeg 1536w, https:\/\/blog.knihovnauk.cz\/wp-content\/uploads\/2021\/06\/IMG_8322-696x522.jpeg 696w, https:\/\/blog.knihovnauk.cz\/wp-content\/uploads\/2021\/06\/IMG_8322-1392x1044.jpeg 1392w, https:\/\/blog.knihovnauk.cz\/wp-content\/uploads\/2021\/06\/IMG_8322-1068x801.jpeg 1068w, https:\/\/blog.knihovnauk.cz\/wp-content\/uploads\/2021\/06\/IMG_8322-1920x1440.jpeg 1920w, https:\/\/blog.knihovnauk.cz\/wp-content\/uploads\/2021\/06\/IMG_8322.jpeg 2048w\" sizes=\"auto, (max-width: 1024px) 100vw, 1024px\" \/><figcaption>V\u00fdro\u010dn\u00ed zpr\u00e1vu si lze vyp\u016fj\u010dit ve v\u011bdeck\u00e9 \u010d\u00e1sti knihovny pod souborn\u00fdm dokumentem <a href=\"https:\/\/katalog.knihovnauk.cz\/detail\/3668465\" target=\"_blank\" rel=\"noreferrer noopener\">N169848\/&#8230;.<\/a> Foto\/V\u00e1clav \u0160koloud<\/figcaption><\/figure><\/div>\n\n\n\n<p>N\u00e1rodn\u00ed sout\u011b\u017e muze\u00ed Gloria musaealis je inspirativn\u00ed a pokud v\u00e1s zaujala, p\u0159ij\u010fte si do SVKUL pro publikaci \u201eUm\u011bn\u00ed v\u00a0nouzi\u201c nebo pro jednotliv\u00e9 v\u00fdro\u010dn\u00ed zpr\u00e1vy v\u0161ech ro\u010dn\u00edk\u016f sout\u011b\u017ee. Zde jsou p\u0159ehledn\u011b prezentov\u00e1ny v\u0161echny v\u00edt\u011bzn\u00e9 i nominovan\u00e9 v\u00fdstavy, publikace i po\u010diny muze\u00ed z\u00a0cel\u00e9 republiky a mohou slou\u017eit jako dobr\u00fd p\u0159ehled o sou\u010dasn\u00e9m d\u011bn\u00ed a v\u00fdvoji muze\u00ed.<\/p>\n\n\n\n<p class=\"has-text-align-right\"><strong>Kate\u0159ina Bene\u0161ov\u00e1, odd\u011blen\u00ed dopl\u0148ov\u00e1n\u00ed a zpracov\u00e1n\u00ed fondu<\/strong><\/p>\n","protected":false},"excerpt":{"rendered":"<p>Kdo v\u00ed, odpov\u00ed, kdo nev\u00ed, nevad\u00ed. Gloria musaealis je N\u00e1rodn\u00ed sout\u011b\u017e muze\u00ed a v\u00a0lo\u0148sk\u00e9m roce 2020 se uskute\u010dnil ji\u017e XIX. ro\u010dn\u00edk. Slavnostn\u00ed vyhl\u00e1\u0161en\u00ed v\u00fdsledk\u016f Smetanov\u011b s\u00edni Obecn\u00edho domu prob\u011bhlo kv\u016fli pandemii virov\u00e9 choroby covid-19 a\u017e 17. \u00a0\u010dervna 2021. Sout\u011b\u017e\u00ed se v\u00a0kategorii muzejn\u00ed v\u00fdstava, publikace a po\u010din roku.\u00a0 Tolik jen velmi stru\u010dn\u011b a obecn\u011b k\u00a0sout\u011b\u017ei. Nyn\u00ed [&hellip;]<\/p>\n","protected":false},"author":9,"featured_media":1830,"comment_status":"open","ping_status":"open","sticky":false,"template":"","format":"standard","meta":{"_monsterinsights_skip_tracking":false,"_monsterinsights_sitenote_active":false,"_monsterinsights_sitenote_note":"","_monsterinsights_sitenote_category":0,"footnotes":""},"categories":[70,18],"tags":[284,211,283,282],"class_list":["post-1815","post","type-post","status-publish","format-standard","has-post-thumbnail","hentry","category-anotace","category-umeni","tag-gloria-musaealis","tag-knihy","tag-muzea","tag-vystavy"],"yoast_head":"<!-- This site is optimized with the Yoast SEO plugin v24.8.1 - https:\/\/yoast.com\/wordpress\/plugins\/seo\/ -->\n<title>Zn\u00e1te Gloria musaealis? - Magaz\u00edn Knihovny \u00dasteck\u00e9ho kraje<\/title>\n<meta name=\"description\" content=\"V\u00fdro\u010dn\u00ed zpr\u00e1va, muzea, N\u00e1rodn\u00ed sout\u011b\u017e, Gloria musaealis\" \/>\n<meta name=\"robots\" content=\"index, follow, max-snippet:-1, max-image-preview:large, max-video-preview:-1\" \/>\n<link rel=\"canonical\" href=\"https:\/\/blog.svkul.cz\/index.php\/2021\/06\/29\/znate-gloria-musaealis\/\" \/>\n<meta property=\"og:locale\" content=\"cs_CZ\" \/>\n<meta property=\"og:type\" content=\"article\" \/>\n<meta property=\"og:title\" content=\"Zn\u00e1te Gloria musaealis? - Magaz\u00edn Knihovny \u00dasteck\u00e9ho kraje\" \/>\n<meta property=\"og:description\" content=\"V\u00fdro\u010dn\u00ed zpr\u00e1va, muzea, N\u00e1rodn\u00ed sout\u011b\u017e, Gloria musaealis\" \/>\n<meta property=\"og:url\" content=\"https:\/\/blog.svkul.cz\/index.php\/2021\/06\/29\/znate-gloria-musaealis\/\" \/>\n<meta property=\"og:site_name\" content=\"Magaz\u00edn Knihovny \u00dasteck\u00e9ho kraje\" \/>\n<meta property=\"article:publisher\" content=\"https:\/\/www.facebook.com\/svkusti\" \/>\n<meta property=\"article:published_time\" content=\"2021-06-29T08:53:25+00:00\" \/>\n<meta property=\"article:modified_time\" content=\"2021-06-29T08:53:27+00:00\" \/>\n<meta property=\"og:image\" content=\"https:\/\/blog.svkul.cz\/wp-content\/uploads\/2021\/06\/blog-11.jpg\" \/>\n\t<meta property=\"og:image:width\" content=\"2008\" \/>\n\t<meta property=\"og:image:height\" content=\"1264\" \/>\n\t<meta property=\"og:image:type\" content=\"image\/jpeg\" \/>\n<meta name=\"author\" content=\"Kate\u0159ina Bene\u0161ov\u00e1\" \/>\n<meta name=\"twitter:card\" content=\"summary_large_image\" \/>\n<meta name=\"twitter:label1\" content=\"Napsal(a)\" \/>\n\t<meta name=\"twitter:data1\" content=\"Kate\u0159ina Bene\u0161ov\u00e1\" \/>\n\t<meta name=\"twitter:label2\" content=\"Odhadovan\u00e1 doba \u010dten\u00ed\" \/>\n\t<meta name=\"twitter:data2\" content=\"3 minuty\" \/>\n<script type=\"application\/ld+json\" class=\"yoast-schema-graph\">{\"@context\":\"https:\/\/schema.org\",\"@graph\":[{\"@type\":\"WebPage\",\"@id\":\"https:\/\/blog.svkul.cz\/index.php\/2021\/06\/29\/znate-gloria-musaealis\/\",\"url\":\"https:\/\/blog.svkul.cz\/index.php\/2021\/06\/29\/znate-gloria-musaealis\/\",\"name\":\"Zn\u00e1te Gloria musaealis? - Magaz\u00edn Knihovny \u00dasteck\u00e9ho kraje\",\"isPartOf\":{\"@id\":\"https:\/\/blog.svkul.cz\/#website\"},\"primaryImageOfPage\":{\"@id\":\"https:\/\/blog.svkul.cz\/index.php\/2021\/06\/29\/znate-gloria-musaealis\/#primaryimage\"},\"image\":{\"@id\":\"https:\/\/blog.svkul.cz\/index.php\/2021\/06\/29\/znate-gloria-musaealis\/#primaryimage\"},\"thumbnailUrl\":\"https:\/\/blog.knihovnauk.cz\/wp-content\/uploads\/2021\/06\/blog-11.jpg\",\"datePublished\":\"2021-06-29T08:53:25+00:00\",\"dateModified\":\"2021-06-29T08:53:27+00:00\",\"author\":{\"@id\":\"https:\/\/blog.svkul.cz\/#\/schema\/person\/cf9252675d5e76c7af7a2af3971edefc\"},\"description\":\"V\u00fdro\u010dn\u00ed zpr\u00e1va, muzea, N\u00e1rodn\u00ed sout\u011b\u017e, Gloria musaealis\",\"breadcrumb\":{\"@id\":\"https:\/\/blog.svkul.cz\/index.php\/2021\/06\/29\/znate-gloria-musaealis\/#breadcrumb\"},\"inLanguage\":\"cs\",\"potentialAction\":[{\"@type\":\"ReadAction\",\"target\":[\"https:\/\/blog.svkul.cz\/index.php\/2021\/06\/29\/znate-gloria-musaealis\/\"]}]},{\"@type\":\"ImageObject\",\"inLanguage\":\"cs\",\"@id\":\"https:\/\/blog.svkul.cz\/index.php\/2021\/06\/29\/znate-gloria-musaealis\/#primaryimage\",\"url\":\"https:\/\/blog.knihovnauk.cz\/wp-content\/uploads\/2021\/06\/blog-11.jpg\",\"contentUrl\":\"https:\/\/blog.knihovnauk.cz\/wp-content\/uploads\/2021\/06\/blog-11.jpg\",\"width\":2008,\"height\":1264},{\"@type\":\"BreadcrumbList\",\"@id\":\"https:\/\/blog.svkul.cz\/index.php\/2021\/06\/29\/znate-gloria-musaealis\/#breadcrumb\",\"itemListElement\":[{\"@type\":\"ListItem\",\"position\":1,\"name\":\"Dom\u016f\",\"item\":\"https:\/\/blog.svkul.cz\/\"},{\"@type\":\"ListItem\",\"position\":2,\"name\":\"Zn\u00e1te Gloria musaealis?\"}]},{\"@type\":\"WebSite\",\"@id\":\"https:\/\/blog.svkul.cz\/#website\",\"url\":\"https:\/\/blog.svkul.cz\/\",\"name\":\"Magaz\u00edn Severo\u010desk\u00e9 v\u011bdeck\u00e9 knihovny v \u00dast\u00ed nad Labem\",\"description\":\"V\u011bnujeme se literatu\u0159e, um\u011bn\u00ed, knih\u00e1m a v\u0161emu, co n\u00e1s bav\u00ed a zaj\u00edm\u00e1.\",\"potentialAction\":[{\"@type\":\"SearchAction\",\"target\":{\"@type\":\"EntryPoint\",\"urlTemplate\":\"https:\/\/blog.svkul.cz\/?s={search_term_string}\"},\"query-input\":{\"@type\":\"PropertyValueSpecification\",\"valueRequired\":true,\"valueName\":\"search_term_string\"}}],\"inLanguage\":\"cs\"},{\"@type\":\"Person\",\"@id\":\"https:\/\/blog.svkul.cz\/#\/schema\/person\/cf9252675d5e76c7af7a2af3971edefc\",\"name\":\"Kate\u0159ina Bene\u0161ov\u00e1\",\"image\":{\"@type\":\"ImageObject\",\"inLanguage\":\"cs\",\"@id\":\"https:\/\/blog.svkul.cz\/#\/schema\/person\/image\/\",\"url\":\"https:\/\/secure.gravatar.com\/avatar\/1d8c83925af8f02529122efeaa3e0e7a?s=96&d=mm&r=g\",\"contentUrl\":\"https:\/\/secure.gravatar.com\/avatar\/1d8c83925af8f02529122efeaa3e0e7a?s=96&d=mm&r=g\",\"caption\":\"Kate\u0159ina Bene\u0161ov\u00e1\"},\"url\":\"https:\/\/blog.knihovnauk.cz\/index.php\/author\/katbe\/\"}]}<\/script>\n<!-- \/ Yoast SEO plugin. -->","yoast_head_json":{"title":"Zn\u00e1te Gloria musaealis? - Magaz\u00edn Knihovny \u00dasteck\u00e9ho kraje","description":"V\u00fdro\u010dn\u00ed zpr\u00e1va, muzea, N\u00e1rodn\u00ed sout\u011b\u017e, Gloria musaealis","robots":{"index":"index","follow":"follow","max-snippet":"max-snippet:-1","max-image-preview":"max-image-preview:large","max-video-preview":"max-video-preview:-1"},"canonical":"https:\/\/blog.svkul.cz\/index.php\/2021\/06\/29\/znate-gloria-musaealis\/","og_locale":"cs_CZ","og_type":"article","og_title":"Zn\u00e1te Gloria musaealis? - Magaz\u00edn Knihovny \u00dasteck\u00e9ho kraje","og_description":"V\u00fdro\u010dn\u00ed zpr\u00e1va, muzea, N\u00e1rodn\u00ed sout\u011b\u017e, Gloria musaealis","og_url":"https:\/\/blog.svkul.cz\/index.php\/2021\/06\/29\/znate-gloria-musaealis\/","og_site_name":"Magaz\u00edn Knihovny \u00dasteck\u00e9ho kraje","article_publisher":"https:\/\/www.facebook.com\/svkusti","article_published_time":"2021-06-29T08:53:25+00:00","article_modified_time":"2021-06-29T08:53:27+00:00","og_image":[{"width":2008,"height":1264,"url":"https:\/\/blog.svkul.cz\/wp-content\/uploads\/2021\/06\/blog-11.jpg","type":"image\/jpeg"}],"author":"Kate\u0159ina Bene\u0161ov\u00e1","twitter_card":"summary_large_image","twitter_misc":{"Napsal(a)":"Kate\u0159ina Bene\u0161ov\u00e1","Odhadovan\u00e1 doba \u010dten\u00ed":"3 minuty"},"schema":{"@context":"https:\/\/schema.org","@graph":[{"@type":"WebPage","@id":"https:\/\/blog.svkul.cz\/index.php\/2021\/06\/29\/znate-gloria-musaealis\/","url":"https:\/\/blog.svkul.cz\/index.php\/2021\/06\/29\/znate-gloria-musaealis\/","name":"Zn\u00e1te Gloria musaealis? - Magaz\u00edn Knihovny \u00dasteck\u00e9ho kraje","isPartOf":{"@id":"https:\/\/blog.svkul.cz\/#website"},"primaryImageOfPage":{"@id":"https:\/\/blog.svkul.cz\/index.php\/2021\/06\/29\/znate-gloria-musaealis\/#primaryimage"},"image":{"@id":"https:\/\/blog.svkul.cz\/index.php\/2021\/06\/29\/znate-gloria-musaealis\/#primaryimage"},"thumbnailUrl":"https:\/\/blog.knihovnauk.cz\/wp-content\/uploads\/2021\/06\/blog-11.jpg","datePublished":"2021-06-29T08:53:25+00:00","dateModified":"2021-06-29T08:53:27+00:00","author":{"@id":"https:\/\/blog.svkul.cz\/#\/schema\/person\/cf9252675d5e76c7af7a2af3971edefc"},"description":"V\u00fdro\u010dn\u00ed zpr\u00e1va, muzea, N\u00e1rodn\u00ed sout\u011b\u017e, Gloria musaealis","breadcrumb":{"@id":"https:\/\/blog.svkul.cz\/index.php\/2021\/06\/29\/znate-gloria-musaealis\/#breadcrumb"},"inLanguage":"cs","potentialAction":[{"@type":"ReadAction","target":["https:\/\/blog.svkul.cz\/index.php\/2021\/06\/29\/znate-gloria-musaealis\/"]}]},{"@type":"ImageObject","inLanguage":"cs","@id":"https:\/\/blog.svkul.cz\/index.php\/2021\/06\/29\/znate-gloria-musaealis\/#primaryimage","url":"https:\/\/blog.knihovnauk.cz\/wp-content\/uploads\/2021\/06\/blog-11.jpg","contentUrl":"https:\/\/blog.knihovnauk.cz\/wp-content\/uploads\/2021\/06\/blog-11.jpg","width":2008,"height":1264},{"@type":"BreadcrumbList","@id":"https:\/\/blog.svkul.cz\/index.php\/2021\/06\/29\/znate-gloria-musaealis\/#breadcrumb","itemListElement":[{"@type":"ListItem","position":1,"name":"Dom\u016f","item":"https:\/\/blog.svkul.cz\/"},{"@type":"ListItem","position":2,"name":"Zn\u00e1te Gloria musaealis?"}]},{"@type":"WebSite","@id":"https:\/\/blog.svkul.cz\/#website","url":"https:\/\/blog.svkul.cz\/","name":"Magaz\u00edn Severo\u010desk\u00e9 v\u011bdeck\u00e9 knihovny v \u00dast\u00ed nad Labem","description":"V\u011bnujeme se literatu\u0159e, um\u011bn\u00ed, knih\u00e1m a v\u0161emu, co n\u00e1s bav\u00ed a zaj\u00edm\u00e1.","potentialAction":[{"@type":"SearchAction","target":{"@type":"EntryPoint","urlTemplate":"https:\/\/blog.svkul.cz\/?s={search_term_string}"},"query-input":{"@type":"PropertyValueSpecification","valueRequired":true,"valueName":"search_term_string"}}],"inLanguage":"cs"},{"@type":"Person","@id":"https:\/\/blog.svkul.cz\/#\/schema\/person\/cf9252675d5e76c7af7a2af3971edefc","name":"Kate\u0159ina Bene\u0161ov\u00e1","image":{"@type":"ImageObject","inLanguage":"cs","@id":"https:\/\/blog.svkul.cz\/#\/schema\/person\/image\/","url":"https:\/\/secure.gravatar.com\/avatar\/1d8c83925af8f02529122efeaa3e0e7a?s=96&d=mm&r=g","contentUrl":"https:\/\/secure.gravatar.com\/avatar\/1d8c83925af8f02529122efeaa3e0e7a?s=96&d=mm&r=g","caption":"Kate\u0159ina Bene\u0161ov\u00e1"},"url":"https:\/\/blog.knihovnauk.cz\/index.php\/author\/katbe\/"}]}},"_links":{"self":[{"href":"https:\/\/blog.knihovnauk.cz\/index.php\/wp-json\/wp\/v2\/posts\/1815","targetHints":{"allow":["GET"]}}],"collection":[{"href":"https:\/\/blog.knihovnauk.cz\/index.php\/wp-json\/wp\/v2\/posts"}],"about":[{"href":"https:\/\/blog.knihovnauk.cz\/index.php\/wp-json\/wp\/v2\/types\/post"}],"author":[{"embeddable":true,"href":"https:\/\/blog.knihovnauk.cz\/index.php\/wp-json\/wp\/v2\/users\/9"}],"replies":[{"embeddable":true,"href":"https:\/\/blog.knihovnauk.cz\/index.php\/wp-json\/wp\/v2\/comments?post=1815"}],"version-history":[{"count":6,"href":"https:\/\/blog.knihovnauk.cz\/index.php\/wp-json\/wp\/v2\/posts\/1815\/revisions"}],"predecessor-version":[{"id":1829,"href":"https:\/\/blog.knihovnauk.cz\/index.php\/wp-json\/wp\/v2\/posts\/1815\/revisions\/1829"}],"wp:featuredmedia":[{"embeddable":true,"href":"https:\/\/blog.knihovnauk.cz\/index.php\/wp-json\/wp\/v2\/media\/1830"}],"wp:attachment":[{"href":"https:\/\/blog.knihovnauk.cz\/index.php\/wp-json\/wp\/v2\/media?parent=1815"}],"wp:term":[{"taxonomy":"category","embeddable":true,"href":"https:\/\/blog.knihovnauk.cz\/index.php\/wp-json\/wp\/v2\/categories?post=1815"},{"taxonomy":"post_tag","embeddable":true,"href":"https:\/\/blog.knihovnauk.cz\/index.php\/wp-json\/wp\/v2\/tags?post=1815"}],"curies":[{"name":"wp","href":"https:\/\/api.w.org\/{rel}","templated":true}]}}