{"id":2014,"date":"2021-08-03T06:41:07","date_gmt":"2021-08-03T04:41:07","guid":{"rendered":"https:\/\/blog.knihovnauk.cz\/?p=2014"},"modified":"2021-08-03T06:41:08","modified_gmt":"2021-08-03T04:41:08","slug":"laska-v-barvach-duhy","status":"publish","type":"post","link":"https:\/\/blog.knihovnauk.cz\/index.php\/2021\/08\/03\/laska-v-barvach-duhy\/","title":{"rendered":"L\u00e1ska v barv\u00e1ch duhy"},"content":{"rendered":"\n<p><strong>2. srpna za\u010d\u00edn\u00e1 Prague Pride! Tento t\u00fdden bude tedy v&nbsp;barv\u00e1ch duhy, a proto se hod\u00ed, abychom v\u00e1m doporu\u010dili n\u011bjak\u00e9 to \u010dtivo s&nbsp;t\u00e9matikou LGBTQ \u2013 tady to m\u00e1te!<\/strong><\/p>\n\n\n\n<div class=\"wp-block-image\"><figure class=\"aligncenter size-large\"><img loading=\"lazy\" decoding=\"async\" width=\"344\" height=\"550\" src=\"https:\/\/blog.knihovnauk.cz\/wp-content\/uploads\/2021\/08\/muffin-a-caj.jpg\" alt=\"\" class=\"wp-image-2026\" srcset=\"https:\/\/blog.knihovnauk.cz\/wp-content\/uploads\/2021\/08\/muffin-a-caj.jpg 344w, https:\/\/blog.knihovnauk.cz\/wp-content\/uploads\/2021\/08\/muffin-a-caj-188x300.jpg 188w\" sizes=\"auto, (max-width: 344px) 100vw, 344px\" \/><\/figure><\/div>\n\n\n\n<p>Velk\u00fd boom zaznamenala v&nbsp;posledn\u00ed dob\u011b tzv. young adult literatura, tak\u017ee za\u010dneme doporu\u010den\u00edm knih pr\u00e1v\u011b pro dosp\u00edvaj\u00edc\u00ed a mlad\u00e9 dosp\u011bl\u00e9. P\u0159\u00edb\u011bhy gay\u016f, lesbi\u010dek a bisexu\u00e1l\u016f najdete t\u0159eba v&nbsp;knih\u00e1ch <a href=\"https:\/\/katalog.knihovnauk.cz\/detail\/3722432?search=1749bfb9-6fac-48df-83cd-076b897eb407&amp;si=1\">\u010cerven\u00e1, b\u00edl\u00e1 a kr\u00e1lovsky modr\u00e1<\/a> od Casey McQuiston, <a href=\"https:\/\/katalog.knihovnauk.cz\/search?field=0&amp;q=d%C3%A1m+ti+slunce&amp;area=-1\">D\u00e1m ti slunce<\/a> od Jandy Nelson nebo <a href=\"https:\/\/katalog.knihovnauk.cz\/detail\/3648723?search=a9194dff-c70f-41e1-9233-7f4db8d67ea8&amp;si=1\">Odpus\u0165 mi. Megan<\/a> od Abbie Rushton. V&nbsp;\u010cesku se t\u011b\u0161\u00ed popularit\u011b t\u0159eba Theo Addair, kter\u00fd \u201emluv\u00ed \u017eensk\u00fdm hlasem v&nbsp;mu\u017esk\u00e9m rod\u011b\u201c, a jeho knihy <a href=\"https:\/\/katalog.knihovnauk.cz\/detail\/3677953?search=7410b7d6-c591-44f2-bd3e-c79c1362bdbf&amp;si=1\">Muffin a \u010daj<\/a> \u010di <a href=\"https:\/\/katalog.knihovnauk.cz\/detail\/3692475?search=7410b7d6-c591-44f2-bd3e-c79c1362bdbf&amp;si=2\">Kol\u00e1\u010dky a spiklenci<\/a> (s\u00e9rie). Pozitivn\u00ed ohlasy jsou i na knihu <a href=\"https:\/\/katalog.knihovnauk.cz\/detail\/3710016?search=d487ab3c-af03-4830-b0e2-859ac7934e48&amp;si=1\">Tama\u0159ino souhv\u011bzd\u00ed<\/a> od Anny Musilov\u00e9. Nen\u00ed to sice pravidlem, ale pr\u00e1v\u011b doba dosp\u00edv\u00e1n\u00ed a ran\u00e9 dosp\u011blosti je obdob\u00edm, kdy \u010dlov\u011bk vlastn\u00ed sexualitu pozn\u00e1v\u00e1. I proto je d\u016fle\u017eit\u00e9, \u017ee se tato t\u00e9mata v&nbsp;literatu\u0159e pro mlad\u00e9 objevuj\u00ed.<\/p>\n\n\n\n<div class=\"wp-block-image\"><figure class=\"aligncenter size-large\"><img loading=\"lazy\" decoding=\"async\" width=\"588\" height=\"901\" src=\"https:\/\/blog.knihovnauk.cz\/wp-content\/uploads\/2021\/08\/danska-divka.jpg\" alt=\"\" class=\"wp-image-2025\" srcset=\"https:\/\/blog.knihovnauk.cz\/wp-content\/uploads\/2021\/08\/danska-divka.jpg 588w, https:\/\/blog.knihovnauk.cz\/wp-content\/uploads\/2021\/08\/danska-divka-196x300.jpg 196w\" sizes=\"auto, (max-width: 588px) 100vw, 588px\" \/><\/figure><\/div>\n\n\n\n<p>K&nbsp;t\u00e9matu transgenderu a transsexuality m\u00e1m pro v\u00e1s dv\u011b doporu\u010den\u00ed. <a href=\"https:\/\/katalog.knihovnauk.cz\/detail\/3556614?search=c5897409-29fd-4e14-a9d9-d18409ab3baf&amp;si=1\">Klec pro maj\u00e1ky<\/a> je osobn\u00ed v\u00fdpov\u011b\u010f Mika Perryho, kter\u00fd se narodil jako Ivana, ale v\u00edce se c\u00edtil b\u00fdt mu\u017eem. Teprve kdy\u017e mu bylo asi 50 let, rozhodl se pro zm\u011bnu a stal se mu\u017eem i po t\u011blesn\u00e9 str\u00e1nce. O n\u011bco men\u0161\u00ed happyend najdete v&nbsp;<a href=\"https:\/\/katalog.knihovnauk.cz\/search?field=0&amp;q=d%C3%A1nsk%C3%A1+d%C3%ADvka&amp;area=110\">D\u00e1nsk\u00e9 d\u00edvce<\/a>, v&nbsp;n\u00ed\u017e David Ebershoff l\u00ed\u010d\u00ed re\u00e1ln\u00fd osud mal\u00ed\u0159e Einara Wegenera, kter\u00fd se v&nbsp;prvn\u00ed polovin\u011b 20. stolet\u00ed tak\u00e9 rozhodne pro zm\u011bnu pohlav\u00ed. Plastick\u00e1 chirurgie v\u0161ak tehdy v&nbsp;tomto ohledu byla je\u0161t\u011b docela v&nbsp;plenk\u00e1ch\u2026 Zkuste i stejnojmenn\u00fd film, v&nbsp;n\u011bm\u017e je brilantn\u011b obsazen\u00e1 a zahran\u00e1 hlavn\u00ed role \u2013 stoj\u00ed to za to!<\/p>\n\n\n\n<div class=\"wp-block-image\"><figure class=\"aligncenter size-large\"><img loading=\"lazy\" decoding=\"async\" width=\"333\" height=\"487\" src=\"https:\/\/blog.knihovnauk.cz\/wp-content\/uploads\/2021\/08\/prevorstvi-u-pomerancovniku.jpg\" alt=\"\" class=\"wp-image-2023\" srcset=\"https:\/\/blog.knihovnauk.cz\/wp-content\/uploads\/2021\/08\/prevorstvi-u-pomerancovniku.jpg 333w, https:\/\/blog.knihovnauk.cz\/wp-content\/uploads\/2021\/08\/prevorstvi-u-pomerancovniku-205x300.jpg 205w\" sizes=\"auto, (max-width: 333px) 100vw, 333px\" \/><\/figure><\/div>\n\n\n\n<p>No a pokud holdujete fantasy, zkuste t\u0159eba <a href=\"https:\/\/katalog.knihovnauk.cz\/search?field=0&amp;q=%22P%C5%99evorstv%C3%AD+u+pomeran%C4%8Dovn%C3%ADku%22&amp;area=-1\">P\u0159evorstv\u00ed u pomeran\u010dovn\u00edku<\/a> od britsk\u00e9 autorky Samanthy Shannon, kter\u00e1 sama sebe ozna\u010duje za queer. Tady mezi draky a m\u00e1gy najdete i l\u00e1sku mezi \u017eenami, stejn\u011b jako mezi mu\u017ei.<\/p>\n\n\n\n<div class=\"wp-block-image\"><figure class=\"aligncenter size-large\"><img loading=\"lazy\" decoding=\"async\" width=\"300\" height=\"440\" src=\"https:\/\/blog.knihovnauk.cz\/wp-content\/uploads\/2021\/08\/i.jpg\" alt=\"\" class=\"wp-image-2024\" srcset=\"https:\/\/blog.knihovnauk.cz\/wp-content\/uploads\/2021\/08\/i.jpg 300w, https:\/\/blog.knihovnauk.cz\/wp-content\/uploads\/2021\/08\/i-205x300.jpg 205w\" sizes=\"auto, (max-width: 300px) 100vw, 300px\" \/><\/figure><\/div>\n\n\n\n<p>Abyste si ale nemysleli, \u017ee LGBT je n\u011bjakou nov\u00e1torskou z\u00e1le\u017eitost\u00ed modern\u00ed spole\u010dnosti, ur\u010dit\u011b je t\u0159eba zm\u00ednit, \u017ee tato t\u00e9mata se v kultu\u0159e objevovala u\u017e i p\u0159ed v\u00edce ne\u017e dv\u011bma tis\u00edci lety. Homosexu\u00e1ln\u00ed l\u00e1ska rezonuje t\u0159eba i v&nbsp;Ovidiov\u00fdch <a href=\"https:\/\/katalog.knihovnauk.cz\/search?field=0&amp;q=ovidius+prom%C4%9Bny&amp;area=-1\">Prom\u011bn\u00e1ch<\/a> \u010di Petroniov\u011b <a href=\"https:\/\/katalog.knihovnauk.cz\/search?field=0&amp;q=satirikon+petronius&amp;area=-1\">Satirikonu<\/a>, co\u017e jsou \u0159\u00edm\u0161t\u00ed auto\u0159i z&nbsp;1. stolet\u00ed p\u0159ed a po Kristu.<\/p>\n\n\n\n<div class=\"wp-block-image\"><figure class=\"aligncenter size-large\"><img loading=\"lazy\" decoding=\"async\" width=\"248\" height=\"350\" src=\"https:\/\/blog.knihovnauk.cz\/wp-content\/uploads\/2021\/08\/stebla-travy.jpg\" alt=\"\" class=\"wp-image-2020\" srcset=\"https:\/\/blog.knihovnauk.cz\/wp-content\/uploads\/2021\/08\/stebla-travy.jpg 248w, https:\/\/blog.knihovnauk.cz\/wp-content\/uploads\/2021\/08\/stebla-travy-213x300.jpg 213w\" sizes=\"auto, (max-width: 248px) 100vw, 248px\" \/><\/figure><\/div>\n\n\n\n<p>O sexualit\u011b mnoha autor\u016f doby minul\u00e9 se dosud spekuluje. Nap\u0159. se p\u0159edpokl\u00e1d\u00e1, \u017ee i Walt Whitman byl homosexu\u00e1l (\u010di bisexu\u00e1l). Jeho nejslavn\u011bj\u0161\u00ed sb\u00edrka b\u00e1sn\u00ed <a href=\"https:\/\/katalog.knihovnauk.cz\/search?field=0&amp;q=st%C3%A9bla+tr%C3%A1vy&amp;area=-1\" target=\"_blank\" rel=\"noreferrer noopener\">St\u00e9bla tr\u00e1vy<\/a> tuto my\u0161lenku podporuje, nebo\u0165 mnoh\u00e9 jej\u00ed ver\u0161e jsou oslavou partnerstv\u00ed mezi mu\u017ei a z\u00a0mnoh\u00fdch tak\u00e9 pr\u00fd\u0161t\u00ed sebel\u00e1ska.<\/p>\n\n\n\n<div class=\"wp-block-image\"><figure class=\"aligncenter size-large\"><img loading=\"lazy\" decoding=\"async\" width=\"356\" height=\"550\" src=\"https:\/\/blog.knihovnauk.cz\/wp-content\/uploads\/2021\/08\/obraz-doriana-graye.jpg\" alt=\"\" class=\"wp-image-2019\" srcset=\"https:\/\/blog.knihovnauk.cz\/wp-content\/uploads\/2021\/08\/obraz-doriana-graye.jpg 356w, https:\/\/blog.knihovnauk.cz\/wp-content\/uploads\/2021\/08\/obraz-doriana-graye-194x300.jpg 194w\" sizes=\"auto, (max-width: 356px) 100vw, 356px\" \/><\/figure><\/div>\n\n\n\n<p>Naopak u Oscara Wilda u\u017e nelze pochybovat, \u017ee miloval mu\u017ee, i kdy\u017e \u010detn\u00e1 m\u00edsta jeho tvorby a jeho mnoh\u00e9 v\u00fdroky ukazuj\u00ed i na jeho l\u00e1sku k\u00a0\u017een\u00e1m. <a href=\"https:\/\/katalog.knihovnauk.cz\/search?field=0&amp;q=obraz+doriana+graye&amp;area=110\" target=\"_blank\" rel=\"noreferrer noopener\">Obraz Doriana Graye<\/a> je pln\u00fd pohnutek dekadence a homosexuality, kv\u016fli \u010demu\u017e b\u00fdval v\u00a0dob\u011b sv\u00e9ho vyd\u00e1n\u00ed (na konci 19. stolet\u00ed) odsuzov\u00e1n, troufnu si v\u0161ak tvrdit, \u017ee pro tyt\u00e9\u017e d\u016fvody dnes pat\u0159\u00ed mezi nejobl\u00edben\u011bj\u0161\u00ed klasick\u00e9 rom\u00e1ny.<\/p>\n\n\n\n<div class=\"wp-block-image\"><figure class=\"aligncenter size-large\"><img loading=\"lazy\" decoding=\"async\" width=\"684\" height=\"1024\" src=\"https:\/\/blog.knihovnauk.cz\/wp-content\/uploads\/2021\/08\/smrt-v-benatkach.jpg\" alt=\"\" class=\"wp-image-2018\" srcset=\"https:\/\/blog.knihovnauk.cz\/wp-content\/uploads\/2021\/08\/smrt-v-benatkach.jpg 684w, https:\/\/blog.knihovnauk.cz\/wp-content\/uploads\/2021\/08\/smrt-v-benatkach-200x300.jpg 200w\" sizes=\"auto, (max-width: 684px) 100vw, 684px\" \/><\/figure><\/div>\n\n\n\n<p>O homosexualit\u011b nobelisty Thomase Manna se sv\u011bt dozv\u011bd\u011bl a\u017e po jeho smrti, konkr\u00e9tn\u011b z jeho\u00a0odtajn\u011bn\u00fdch den\u00edk\u016f. I u n\u011bj nalezneme toto t\u00e9ma zachycen\u00e9, nap\u0159. <a href=\"https:\/\/katalog.knihovnauk.cz\/search?field=0&amp;q=smrt+v+ben%C3%A1tk%C3%A1ch+thomas+mann&amp;area=110\" target=\"_blank\" rel=\"noreferrer noopener\">Smrt v\u00a0Ben\u00e1tk\u00e1ch<\/a> l\u00ed\u010d\u00ed ne\u0161\u0165astnou platonickou l\u00e1sku Gustava von Aschenbacha k chlapci jm\u00e9nem Tadzio.<\/p>\n\n\n\n<div class=\"wp-block-image\"><figure class=\"aligncenter size-large\"><img loading=\"lazy\" decoding=\"async\" width=\"250\" height=\"422\" src=\"https:\/\/blog.knihovnauk.cz\/wp-content\/uploads\/2021\/08\/nevolnost.jpg\" alt=\"\" class=\"wp-image-2016\" srcset=\"https:\/\/blog.knihovnauk.cz\/wp-content\/uploads\/2021\/08\/nevolnost.jpg 250w, https:\/\/blog.knihovnauk.cz\/wp-content\/uploads\/2021\/08\/nevolnost-178x300.jpg 178w\" sizes=\"auto, (max-width: 250px) 100vw, 250px\" \/><\/figure><\/div>\n\n\n\n<p>V\u00a0kultovn\u00edm rom\u00e1nu Jeana Paula Sartra <a href=\"https:\/\/katalog.knihovnauk.cz\/search?field=0&amp;q=sartre+nevolnost&amp;area=110\" target=\"_blank\" rel=\"noreferrer noopener\">Nevolnost<\/a> (kter\u00e9mu sice Nobelova cena tak\u00e9 byla ud\u011blena, on ji v\u0161ak odm\u00edtl) se sexu\u00e1ln\u00ed orientace jednoho z\u00a0protagonist\u016f odtajn\u00ed a\u017e v\u00a0z\u00e1v\u011bru knihy. B\u011bhem on\u00e9 sc\u00e9ny v\u00a0knihovn\u011b je kv\u016fli tomu napaden, ale dostane se mu zast\u00e1n\u00ed \u2013 ze strany vyprav\u011b\u010de.<\/p>\n\n\n\n<div class=\"wp-block-image\"><figure class=\"aligncenter size-large\"><img loading=\"lazy\" decoding=\"async\" width=\"1024\" height=\"1024\" src=\"https:\/\/blog.knihovnauk.cz\/wp-content\/uploads\/2021\/08\/Bez-nazvu-1-1024x1024.jpg\" alt=\"\" class=\"wp-image-2027\" srcset=\"https:\/\/blog.knihovnauk.cz\/wp-content\/uploads\/2021\/08\/Bez-nazvu-1-1024x1024.jpg 1024w, https:\/\/blog.knihovnauk.cz\/wp-content\/uploads\/2021\/08\/Bez-nazvu-1-300x300.jpg 300w, https:\/\/blog.knihovnauk.cz\/wp-content\/uploads\/2021\/08\/Bez-nazvu-1-150x150.jpg 150w, https:\/\/blog.knihovnauk.cz\/wp-content\/uploads\/2021\/08\/Bez-nazvu-1-768x768.jpg 768w, https:\/\/blog.knihovnauk.cz\/wp-content\/uploads\/2021\/08\/Bez-nazvu-1-1536x1536.jpg 1536w, https:\/\/blog.knihovnauk.cz\/wp-content\/uploads\/2021\/08\/Bez-nazvu-1-2048x2048.jpg 2048w, https:\/\/blog.knihovnauk.cz\/wp-content\/uploads\/2021\/08\/Bez-nazvu-1-696x696.jpg 696w, https:\/\/blog.knihovnauk.cz\/wp-content\/uploads\/2021\/08\/Bez-nazvu-1-1392x1392.jpg 1392w, https:\/\/blog.knihovnauk.cz\/wp-content\/uploads\/2021\/08\/Bez-nazvu-1-1068x1068.jpg 1068w, https:\/\/blog.knihovnauk.cz\/wp-content\/uploads\/2021\/08\/Bez-nazvu-1-1920x1920.jpg 1920w\" sizes=\"auto, (max-width: 1024px) 100vw, 1024px\" \/><\/figure><\/div>\n\n\n\n<p>Pokud jsem v\u00e1s exkurzem do historie neodradila a do\u010detli jste a\u017e sem, dovol\u00edm si na z\u00e1v\u011br je\u0161t\u011b vyslat mezi v\u00e1s kr\u00e1tk\u00e9 poselstv\u00ed: V\u00a0l\u00e1sce je s\u00edla a nez\u00e1le\u017e\u00ed na jej\u00ed podob\u011b \u2013 nezapom\u00ednejte na to. &lt;3<\/p>\n\n\n\n<p class=\"has-text-align-right\"><strong>Lenka Sl\u00e1mov\u00e1, odd\u011blen\u00ed studoven<\/strong><\/p>\n","protected":false},"excerpt":{"rendered":"<p>2. srpna za\u010d\u00edn\u00e1 Prague Pride! Tento t\u00fdden bude tedy v&nbsp;barv\u00e1ch duhy, a proto se hod\u00ed, abychom v\u00e1m doporu\u010dili n\u011bjak\u00e9 to \u010dtivo s&nbsp;t\u00e9matikou LGBTQ \u2013 tady to m\u00e1te! Velk\u00fd boom zaznamenala v&nbsp;posledn\u00ed dob\u011b tzv. young adult literatura, tak\u017ee za\u010dneme doporu\u010den\u00edm knih pr\u00e1v\u011b pro dosp\u00edvaj\u00edc\u00ed a mlad\u00e9 dosp\u011bl\u00e9. P\u0159\u00edb\u011bhy gay\u016f, lesbi\u010dek a bisexu\u00e1l\u016f najdete t\u0159eba v&nbsp;knih\u00e1ch \u010cerven\u00e1, [&hellip;]<\/p>\n","protected":false},"author":7,"featured_media":2028,"comment_status":"open","ping_status":"open","sticky":false,"template":"","format":"standard","meta":{"_monsterinsights_skip_tracking":false,"_monsterinsights_sitenote_active":false,"_monsterinsights_sitenote_note":"","_monsterinsights_sitenote_category":0,"footnotes":""},"categories":[70,37,21],"tags":[313,314,312],"class_list":["post-2014","post","type-post","status-publish","format-standard","has-post-thumbnail","hentry","category-anotace","category-literatura","category-roman","tag-gay","tag-lgbtq","tag-queer"],"yoast_head":"<!-- This site is optimized with the Yoast SEO plugin v24.8.1 - https:\/\/yoast.com\/wordpress\/plugins\/seo\/ -->\n<title>L\u00e1ska v barv\u00e1ch duhy - Magaz\u00edn Knihovny \u00dasteck\u00e9ho kraje<\/title>\n<meta name=\"robots\" content=\"index, follow, max-snippet:-1, max-image-preview:large, max-video-preview:-1\" \/>\n<link rel=\"canonical\" href=\"https:\/\/blog.svkul.cz\/index.php\/2021\/08\/03\/laska-v-barvach-duhy\/\" \/>\n<meta property=\"og:locale\" content=\"cs_CZ\" \/>\n<meta property=\"og:type\" content=\"article\" \/>\n<meta property=\"og:title\" content=\"L\u00e1ska v barv\u00e1ch duhy - Magaz\u00edn Knihovny \u00dasteck\u00e9ho kraje\" \/>\n<meta property=\"og:description\" content=\"2. srpna za\u010d\u00edn\u00e1 Prague Pride! Tento t\u00fdden bude tedy v&nbsp;barv\u00e1ch duhy, a proto se hod\u00ed, abychom v\u00e1m doporu\u010dili n\u011bjak\u00e9 to \u010dtivo s&nbsp;t\u00e9matikou LGBTQ \u2013 tady to m\u00e1te! Velk\u00fd boom zaznamenala v&nbsp;posledn\u00ed dob\u011b tzv. young adult literatura, tak\u017ee za\u010dneme doporu\u010den\u00edm knih pr\u00e1v\u011b pro dosp\u00edvaj\u00edc\u00ed a mlad\u00e9 dosp\u011bl\u00e9. P\u0159\u00edb\u011bhy gay\u016f, lesbi\u010dek a bisexu\u00e1l\u016f najdete t\u0159eba v&nbsp;knih\u00e1ch \u010cerven\u00e1, [&hellip;]\" \/>\n<meta property=\"og:url\" content=\"https:\/\/blog.svkul.cz\/index.php\/2021\/08\/03\/laska-v-barvach-duhy\/\" \/>\n<meta property=\"og:site_name\" content=\"Magaz\u00edn Knihovny \u00dasteck\u00e9ho kraje\" \/>\n<meta property=\"article:publisher\" content=\"https:\/\/www.facebook.com\/svkusti\" \/>\n<meta property=\"article:published_time\" content=\"2021-08-03T04:41:07+00:00\" \/>\n<meta property=\"article:modified_time\" content=\"2021-08-03T04:41:08+00:00\" \/>\n<meta property=\"og:image\" content=\"https:\/\/blog.svkul.cz\/wp-content\/uploads\/2021\/08\/blog-1024x741.jpg\" \/>\n\t<meta property=\"og:image:width\" content=\"1024\" \/>\n\t<meta property=\"og:image:height\" content=\"741\" \/>\n\t<meta property=\"og:image:type\" content=\"image\/jpeg\" \/>\n<meta name=\"author\" content=\"Lenka Sl\u00e1mov\u00e1\" \/>\n<meta name=\"twitter:card\" content=\"summary_large_image\" \/>\n<meta name=\"twitter:label1\" content=\"Napsal(a)\" \/>\n\t<meta name=\"twitter:data1\" content=\"Lenka Sl\u00e1mov\u00e1\" \/>\n\t<meta name=\"twitter:label2\" content=\"Odhadovan\u00e1 doba \u010dten\u00ed\" \/>\n\t<meta name=\"twitter:data2\" content=\"5 minut\" \/>\n<script type=\"application\/ld+json\" class=\"yoast-schema-graph\">{\"@context\":\"https:\/\/schema.org\",\"@graph\":[{\"@type\":\"WebPage\",\"@id\":\"https:\/\/blog.svkul.cz\/index.php\/2021\/08\/03\/laska-v-barvach-duhy\/\",\"url\":\"https:\/\/blog.svkul.cz\/index.php\/2021\/08\/03\/laska-v-barvach-duhy\/\",\"name\":\"L\u00e1ska v barv\u00e1ch duhy - Magaz\u00edn Knihovny \u00dasteck\u00e9ho kraje\",\"isPartOf\":{\"@id\":\"https:\/\/blog.svkul.cz\/#website\"},\"primaryImageOfPage\":{\"@id\":\"https:\/\/blog.svkul.cz\/index.php\/2021\/08\/03\/laska-v-barvach-duhy\/#primaryimage\"},\"image\":{\"@id\":\"https:\/\/blog.svkul.cz\/index.php\/2021\/08\/03\/laska-v-barvach-duhy\/#primaryimage\"},\"thumbnailUrl\":\"https:\/\/blog.knihovnauk.cz\/wp-content\/uploads\/2021\/08\/blog.jpg\",\"datePublished\":\"2021-08-03T04:41:07+00:00\",\"dateModified\":\"2021-08-03T04:41:08+00:00\",\"author\":{\"@id\":\"https:\/\/blog.svkul.cz\/#\/schema\/person\/f488de6827a32fda97848f45f7168502\"},\"breadcrumb\":{\"@id\":\"https:\/\/blog.svkul.cz\/index.php\/2021\/08\/03\/laska-v-barvach-duhy\/#breadcrumb\"},\"inLanguage\":\"cs\",\"potentialAction\":[{\"@type\":\"ReadAction\",\"target\":[\"https:\/\/blog.svkul.cz\/index.php\/2021\/08\/03\/laska-v-barvach-duhy\/\"]}]},{\"@type\":\"ImageObject\",\"inLanguage\":\"cs\",\"@id\":\"https:\/\/blog.svkul.cz\/index.php\/2021\/08\/03\/laska-v-barvach-duhy\/#primaryimage\",\"url\":\"https:\/\/blog.knihovnauk.cz\/wp-content\/uploads\/2021\/08\/blog.jpg\",\"contentUrl\":\"https:\/\/blog.knihovnauk.cz\/wp-content\/uploads\/2021\/08\/blog.jpg\",\"width\":2008,\"height\":1453},{\"@type\":\"BreadcrumbList\",\"@id\":\"https:\/\/blog.svkul.cz\/index.php\/2021\/08\/03\/laska-v-barvach-duhy\/#breadcrumb\",\"itemListElement\":[{\"@type\":\"ListItem\",\"position\":1,\"name\":\"Dom\u016f\",\"item\":\"https:\/\/blog.svkul.cz\/\"},{\"@type\":\"ListItem\",\"position\":2,\"name\":\"L\u00e1ska v barv\u00e1ch duhy\"}]},{\"@type\":\"WebSite\",\"@id\":\"https:\/\/blog.svkul.cz\/#website\",\"url\":\"https:\/\/blog.svkul.cz\/\",\"name\":\"Magaz\u00edn Severo\u010desk\u00e9 v\u011bdeck\u00e9 knihovny v \u00dast\u00ed nad Labem\",\"description\":\"V\u011bnujeme se literatu\u0159e, um\u011bn\u00ed, knih\u00e1m a v\u0161emu, co n\u00e1s bav\u00ed a zaj\u00edm\u00e1.\",\"potentialAction\":[{\"@type\":\"SearchAction\",\"target\":{\"@type\":\"EntryPoint\",\"urlTemplate\":\"https:\/\/blog.svkul.cz\/?s={search_term_string}\"},\"query-input\":{\"@type\":\"PropertyValueSpecification\",\"valueRequired\":true,\"valueName\":\"search_term_string\"}}],\"inLanguage\":\"cs\"},{\"@type\":\"Person\",\"@id\":\"https:\/\/blog.svkul.cz\/#\/schema\/person\/f488de6827a32fda97848f45f7168502\",\"name\":\"Lenka Sl\u00e1mov\u00e1\",\"image\":{\"@type\":\"ImageObject\",\"inLanguage\":\"cs\",\"@id\":\"https:\/\/blog.svkul.cz\/#\/schema\/person\/image\/\",\"url\":\"https:\/\/secure.gravatar.com\/avatar\/77bc1dfa615e00513b600ed0ea3c9b0b?s=96&d=mm&r=g\",\"contentUrl\":\"https:\/\/secure.gravatar.com\/avatar\/77bc1dfa615e00513b600ed0ea3c9b0b?s=96&d=mm&r=g\",\"caption\":\"Lenka Sl\u00e1mov\u00e1\"},\"url\":\"https:\/\/blog.knihovnauk.cz\/index.php\/author\/lenka-slamova\/\"}]}<\/script>\n<!-- \/ Yoast SEO plugin. -->","yoast_head_json":{"title":"L\u00e1ska v barv\u00e1ch duhy - Magaz\u00edn Knihovny \u00dasteck\u00e9ho kraje","robots":{"index":"index","follow":"follow","max-snippet":"max-snippet:-1","max-image-preview":"max-image-preview:large","max-video-preview":"max-video-preview:-1"},"canonical":"https:\/\/blog.svkul.cz\/index.php\/2021\/08\/03\/laska-v-barvach-duhy\/","og_locale":"cs_CZ","og_type":"article","og_title":"L\u00e1ska v barv\u00e1ch duhy - Magaz\u00edn Knihovny \u00dasteck\u00e9ho kraje","og_description":"2. srpna za\u010d\u00edn\u00e1 Prague Pride! Tento t\u00fdden bude tedy v&nbsp;barv\u00e1ch duhy, a proto se hod\u00ed, abychom v\u00e1m doporu\u010dili n\u011bjak\u00e9 to \u010dtivo s&nbsp;t\u00e9matikou LGBTQ \u2013 tady to m\u00e1te! Velk\u00fd boom zaznamenala v&nbsp;posledn\u00ed dob\u011b tzv. young adult literatura, tak\u017ee za\u010dneme doporu\u010den\u00edm knih pr\u00e1v\u011b pro dosp\u00edvaj\u00edc\u00ed a mlad\u00e9 dosp\u011bl\u00e9. P\u0159\u00edb\u011bhy gay\u016f, lesbi\u010dek a bisexu\u00e1l\u016f najdete t\u0159eba v&nbsp;knih\u00e1ch \u010cerven\u00e1, [&hellip;]","og_url":"https:\/\/blog.svkul.cz\/index.php\/2021\/08\/03\/laska-v-barvach-duhy\/","og_site_name":"Magaz\u00edn Knihovny \u00dasteck\u00e9ho kraje","article_publisher":"https:\/\/www.facebook.com\/svkusti","article_published_time":"2021-08-03T04:41:07+00:00","article_modified_time":"2021-08-03T04:41:08+00:00","og_image":[{"width":1024,"height":741,"url":"https:\/\/blog.svkul.cz\/wp-content\/uploads\/2021\/08\/blog-1024x741.jpg","type":"image\/jpeg"}],"author":"Lenka Sl\u00e1mov\u00e1","twitter_card":"summary_large_image","twitter_misc":{"Napsal(a)":"Lenka Sl\u00e1mov\u00e1","Odhadovan\u00e1 doba \u010dten\u00ed":"5 minut"},"schema":{"@context":"https:\/\/schema.org","@graph":[{"@type":"WebPage","@id":"https:\/\/blog.svkul.cz\/index.php\/2021\/08\/03\/laska-v-barvach-duhy\/","url":"https:\/\/blog.svkul.cz\/index.php\/2021\/08\/03\/laska-v-barvach-duhy\/","name":"L\u00e1ska v barv\u00e1ch duhy - Magaz\u00edn Knihovny \u00dasteck\u00e9ho kraje","isPartOf":{"@id":"https:\/\/blog.svkul.cz\/#website"},"primaryImageOfPage":{"@id":"https:\/\/blog.svkul.cz\/index.php\/2021\/08\/03\/laska-v-barvach-duhy\/#primaryimage"},"image":{"@id":"https:\/\/blog.svkul.cz\/index.php\/2021\/08\/03\/laska-v-barvach-duhy\/#primaryimage"},"thumbnailUrl":"https:\/\/blog.knihovnauk.cz\/wp-content\/uploads\/2021\/08\/blog.jpg","datePublished":"2021-08-03T04:41:07+00:00","dateModified":"2021-08-03T04:41:08+00:00","author":{"@id":"https:\/\/blog.svkul.cz\/#\/schema\/person\/f488de6827a32fda97848f45f7168502"},"breadcrumb":{"@id":"https:\/\/blog.svkul.cz\/index.php\/2021\/08\/03\/laska-v-barvach-duhy\/#breadcrumb"},"inLanguage":"cs","potentialAction":[{"@type":"ReadAction","target":["https:\/\/blog.svkul.cz\/index.php\/2021\/08\/03\/laska-v-barvach-duhy\/"]}]},{"@type":"ImageObject","inLanguage":"cs","@id":"https:\/\/blog.svkul.cz\/index.php\/2021\/08\/03\/laska-v-barvach-duhy\/#primaryimage","url":"https:\/\/blog.knihovnauk.cz\/wp-content\/uploads\/2021\/08\/blog.jpg","contentUrl":"https:\/\/blog.knihovnauk.cz\/wp-content\/uploads\/2021\/08\/blog.jpg","width":2008,"height":1453},{"@type":"BreadcrumbList","@id":"https:\/\/blog.svkul.cz\/index.php\/2021\/08\/03\/laska-v-barvach-duhy\/#breadcrumb","itemListElement":[{"@type":"ListItem","position":1,"name":"Dom\u016f","item":"https:\/\/blog.svkul.cz\/"},{"@type":"ListItem","position":2,"name":"L\u00e1ska v barv\u00e1ch duhy"}]},{"@type":"WebSite","@id":"https:\/\/blog.svkul.cz\/#website","url":"https:\/\/blog.svkul.cz\/","name":"Magaz\u00edn Severo\u010desk\u00e9 v\u011bdeck\u00e9 knihovny v \u00dast\u00ed nad Labem","description":"V\u011bnujeme se literatu\u0159e, um\u011bn\u00ed, knih\u00e1m a v\u0161emu, co n\u00e1s bav\u00ed a zaj\u00edm\u00e1.","potentialAction":[{"@type":"SearchAction","target":{"@type":"EntryPoint","urlTemplate":"https:\/\/blog.svkul.cz\/?s={search_term_string}"},"query-input":{"@type":"PropertyValueSpecification","valueRequired":true,"valueName":"search_term_string"}}],"inLanguage":"cs"},{"@type":"Person","@id":"https:\/\/blog.svkul.cz\/#\/schema\/person\/f488de6827a32fda97848f45f7168502","name":"Lenka Sl\u00e1mov\u00e1","image":{"@type":"ImageObject","inLanguage":"cs","@id":"https:\/\/blog.svkul.cz\/#\/schema\/person\/image\/","url":"https:\/\/secure.gravatar.com\/avatar\/77bc1dfa615e00513b600ed0ea3c9b0b?s=96&d=mm&r=g","contentUrl":"https:\/\/secure.gravatar.com\/avatar\/77bc1dfa615e00513b600ed0ea3c9b0b?s=96&d=mm&r=g","caption":"Lenka Sl\u00e1mov\u00e1"},"url":"https:\/\/blog.knihovnauk.cz\/index.php\/author\/lenka-slamova\/"}]}},"_links":{"self":[{"href":"https:\/\/blog.knihovnauk.cz\/index.php\/wp-json\/wp\/v2\/posts\/2014","targetHints":{"allow":["GET"]}}],"collection":[{"href":"https:\/\/blog.knihovnauk.cz\/index.php\/wp-json\/wp\/v2\/posts"}],"about":[{"href":"https:\/\/blog.knihovnauk.cz\/index.php\/wp-json\/wp\/v2\/types\/post"}],"author":[{"embeddable":true,"href":"https:\/\/blog.knihovnauk.cz\/index.php\/wp-json\/wp\/v2\/users\/7"}],"replies":[{"embeddable":true,"href":"https:\/\/blog.knihovnauk.cz\/index.php\/wp-json\/wp\/v2\/comments?post=2014"}],"version-history":[{"count":3,"href":"https:\/\/blog.knihovnauk.cz\/index.php\/wp-json\/wp\/v2\/posts\/2014\/revisions"}],"predecessor-version":[{"id":2029,"href":"https:\/\/blog.knihovnauk.cz\/index.php\/wp-json\/wp\/v2\/posts\/2014\/revisions\/2029"}],"wp:featuredmedia":[{"embeddable":true,"href":"https:\/\/blog.knihovnauk.cz\/index.php\/wp-json\/wp\/v2\/media\/2028"}],"wp:attachment":[{"href":"https:\/\/blog.knihovnauk.cz\/index.php\/wp-json\/wp\/v2\/media?parent=2014"}],"wp:term":[{"taxonomy":"category","embeddable":true,"href":"https:\/\/blog.knihovnauk.cz\/index.php\/wp-json\/wp\/v2\/categories?post=2014"},{"taxonomy":"post_tag","embeddable":true,"href":"https:\/\/blog.knihovnauk.cz\/index.php\/wp-json\/wp\/v2\/tags?post=2014"}],"curies":[{"name":"wp","href":"https:\/\/api.w.org\/{rel}","templated":true}]}}