{"id":202,"date":"2017-11-22T13:15:09","date_gmt":"2017-11-22T12:15:09","guid":{"rendered":"http:\/\/blog.knihovnauk.cz\/?p=202"},"modified":"2017-11-22T13:16:03","modified_gmt":"2017-11-22T12:16:03","slug":"z-fondu","status":"publish","type":"post","link":"https:\/\/blog.knihovnauk.cz\/index.php\/2017\/11\/22\/z-fondu\/","title":{"rendered":"\u010casopis pro um\u011bn\u00ed a kulturu"},"content":{"rendered":"<p>P\u0159i reviz\u00edch knihovn\u00edho fondu naraz\u00edme na spoustu kr\u00e1sn\u00fdch publikac\u00ed z let minul\u00fdch. D\u016fkazem je i tento n\u011bmeck\u00fd sv\u00e1zan\u00fd \u010dasopis <a href=\"http:\/\/katalog.knihovnauk.cz\/l.dll?h~=&amp;DD=7&amp;H1=&amp;V1=o&amp;P1=33&amp;H2=&amp;V2=z&amp;P2=2&amp;H3=pan&amp;V3=o&amp;P3=3&amp;H4=&amp;V4=z&amp;P4=4&amp;H5=&amp;V5=z&amp;P5=42\">PAN<\/a>\u00a0\u00a0z roku 1991, kter\u00fd pot\u011b\u0161\u00ed oko nejednoho milovn\u00edka v\u00fdtvarn\u00e9ho um\u011bn\u00ed. Za prolistov\u00e1n\u00ed ur\u010dit\u011b stoj\u00ed jak pro sv\u016fj obsah tak pro kvalitn\u00ed tisk. Lingvist\u00e9 si po\u010dtou a ti ostatn\u00ed na\u010derpaj\u00ed inspiraci.<\/p>\n<p><img loading=\"lazy\" decoding=\"async\" class=\"size-large wp-image-203 aligncenter\" src=\"http:\/\/blog.knihovnauk.cz\/wp-content\/uploads\/2017\/11\/Bez-n\u00e1zvu-1-1-1024x394.jpg\" alt=\"\" width=\"1024\" height=\"394\" srcset=\"https:\/\/blog.knihovnauk.cz\/wp-content\/uploads\/2017\/11\/Bez-n\u00e1zvu-1-1-1024x394.jpg 1024w, https:\/\/blog.knihovnauk.cz\/wp-content\/uploads\/2017\/11\/Bez-n\u00e1zvu-1-1-300x115.jpg 300w, https:\/\/blog.knihovnauk.cz\/wp-content\/uploads\/2017\/11\/Bez-n\u00e1zvu-1-1-768x295.jpg 768w\" sizes=\"auto, (max-width: 1024px) 100vw, 1024px\" \/><\/p>\n","protected":false},"excerpt":{"rendered":"<p>P\u0159i reviz\u00edch knihovn\u00edho fondu naraz\u00edme na spoustu kr\u00e1sn\u00fdch publikac\u00ed z let minul\u00fdch. D\u016fkazem je i tento n\u011bmeck\u00fd sv\u00e1zan\u00fd \u010dasopis PAN\u00a0\u00a0z roku 1991, kter\u00fd pot\u011b\u0161\u00ed oko nejednoho milovn\u00edka v\u00fdtvarn\u00e9ho um\u011bn\u00ed. Za prolistov\u00e1n\u00ed ur\u010dit\u011b stoj\u00ed jak pro sv\u016fj obsah tak pro kvalitn\u00ed tisk. Lingvist\u00e9 si po\u010dtou a ti ostatn\u00ed na\u010derpaj\u00ed inspiraci.<\/p>\n","protected":false},"author":2,"featured_media":203,"comment_status":"open","ping_status":"open","sticky":false,"template":"","format":"standard","meta":{"_monsterinsights_skip_tracking":false,"_monsterinsights_sitenote_active":false,"_monsterinsights_sitenote_note":"","_monsterinsights_sitenote_category":0,"footnotes":""},"categories":[28,11,10,36,18,29],"tags":[38,49,31],"class_list":["post-202","post","type-post","status-publish","format-standard","has-post-thumbnail","hentry","category-historie","category-ilustrace","category-maliri","category-periodika","category-umeni","category-zajimavosti","tag-casopis","tag-umeni","tag-zajimavosti"],"yoast_head":"<!-- This site is optimized with the Yoast SEO plugin v24.8.1 - https:\/\/yoast.com\/wordpress\/plugins\/seo\/ -->\n<title>\u010casopis pro um\u011bn\u00ed a kulturu - Magaz\u00edn Knihovny \u00dasteck\u00e9ho kraje<\/title>\n<meta name=\"robots\" content=\"index, follow, max-snippet:-1, max-image-preview:large, max-video-preview:-1\" \/>\n<link rel=\"canonical\" href=\"https:\/\/blog.svkul.cz\/index.php\/2017\/11\/22\/z-fondu\/\" \/>\n<meta property=\"og:locale\" content=\"cs_CZ\" \/>\n<meta property=\"og:type\" content=\"article\" \/>\n<meta property=\"og:title\" content=\"\u010casopis pro um\u011bn\u00ed a kulturu - Magaz\u00edn Knihovny \u00dasteck\u00e9ho kraje\" \/>\n<meta property=\"og:description\" content=\"P\u0159i reviz\u00edch knihovn\u00edho fondu naraz\u00edme na spoustu kr\u00e1sn\u00fdch publikac\u00ed z let minul\u00fdch. D\u016fkazem je i tento n\u011bmeck\u00fd sv\u00e1zan\u00fd \u010dasopis PAN\u00a0\u00a0z roku 1991, kter\u00fd pot\u011b\u0161\u00ed oko nejednoho milovn\u00edka v\u00fdtvarn\u00e9ho um\u011bn\u00ed. Za prolistov\u00e1n\u00ed ur\u010dit\u011b stoj\u00ed jak pro sv\u016fj obsah tak pro kvalitn\u00ed tisk. Lingvist\u00e9 si po\u010dtou a ti ostatn\u00ed na\u010derpaj\u00ed inspiraci.\" \/>\n<meta property=\"og:url\" content=\"https:\/\/blog.svkul.cz\/index.php\/2017\/11\/22\/z-fondu\/\" \/>\n<meta property=\"og:site_name\" content=\"Magaz\u00edn Knihovny \u00dasteck\u00e9ho kraje\" \/>\n<meta property=\"article:publisher\" content=\"https:\/\/www.facebook.com\/svkusti\" \/>\n<meta property=\"article:published_time\" content=\"2017-11-22T12:15:09+00:00\" \/>\n<meta property=\"article:modified_time\" content=\"2017-11-22T12:16:03+00:00\" \/>\n<meta property=\"og:image\" content=\"https:\/\/blog.svkul.cz\/wp-content\/uploads\/2017\/11\/Bez-n\u00e1zvu-1-1.jpg\" \/>\n\t<meta property=\"og:image:width\" content=\"2788\" \/>\n\t<meta property=\"og:image:height\" content=\"1072\" \/>\n\t<meta property=\"og:image:type\" content=\"image\/jpeg\" \/>\n<meta name=\"author\" content=\"Akviziter\" \/>\n<meta name=\"twitter:card\" content=\"summary_large_image\" \/>\n<meta name=\"twitter:label1\" content=\"Napsal(a)\" \/>\n\t<meta name=\"twitter:data1\" content=\"Akviziter\" \/>\n<script type=\"application\/ld+json\" class=\"yoast-schema-graph\">{\"@context\":\"https:\/\/schema.org\",\"@graph\":[{\"@type\":\"WebPage\",\"@id\":\"https:\/\/blog.svkul.cz\/index.php\/2017\/11\/22\/z-fondu\/\",\"url\":\"https:\/\/blog.svkul.cz\/index.php\/2017\/11\/22\/z-fondu\/\",\"name\":\"\u010casopis pro um\u011bn\u00ed a kulturu - Magaz\u00edn Knihovny \u00dasteck\u00e9ho kraje\",\"isPartOf\":{\"@id\":\"https:\/\/blog.svkul.cz\/#website\"},\"primaryImageOfPage\":{\"@id\":\"https:\/\/blog.svkul.cz\/index.php\/2017\/11\/22\/z-fondu\/#primaryimage\"},\"image\":{\"@id\":\"https:\/\/blog.svkul.cz\/index.php\/2017\/11\/22\/z-fondu\/#primaryimage\"},\"thumbnailUrl\":\"https:\/\/blog.knihovnauk.cz\/wp-content\/uploads\/2017\/11\/Bez-n\u00e1zvu-1-1.jpg\",\"datePublished\":\"2017-11-22T12:15:09+00:00\",\"dateModified\":\"2017-11-22T12:16:03+00:00\",\"author\":{\"@id\":\"https:\/\/blog.svkul.cz\/#\/schema\/person\/49547581b63594b811ad78a14b4f9079\"},\"breadcrumb\":{\"@id\":\"https:\/\/blog.svkul.cz\/index.php\/2017\/11\/22\/z-fondu\/#breadcrumb\"},\"inLanguage\":\"cs\",\"potentialAction\":[{\"@type\":\"ReadAction\",\"target\":[\"https:\/\/blog.svkul.cz\/index.php\/2017\/11\/22\/z-fondu\/\"]}]},{\"@type\":\"ImageObject\",\"inLanguage\":\"cs\",\"@id\":\"https:\/\/blog.svkul.cz\/index.php\/2017\/11\/22\/z-fondu\/#primaryimage\",\"url\":\"https:\/\/blog.knihovnauk.cz\/wp-content\/uploads\/2017\/11\/Bez-n\u00e1zvu-1-1.jpg\",\"contentUrl\":\"https:\/\/blog.knihovnauk.cz\/wp-content\/uploads\/2017\/11\/Bez-n\u00e1zvu-1-1.jpg\",\"width\":2788,\"height\":1072},{\"@type\":\"BreadcrumbList\",\"@id\":\"https:\/\/blog.svkul.cz\/index.php\/2017\/11\/22\/z-fondu\/#breadcrumb\",\"itemListElement\":[{\"@type\":\"ListItem\",\"position\":1,\"name\":\"Dom\u016f\",\"item\":\"https:\/\/blog.svkul.cz\/\"},{\"@type\":\"ListItem\",\"position\":2,\"name\":\"\u010casopis pro um\u011bn\u00ed a kulturu\"}]},{\"@type\":\"WebSite\",\"@id\":\"https:\/\/blog.svkul.cz\/#website\",\"url\":\"https:\/\/blog.svkul.cz\/\",\"name\":\"Magaz\u00edn Severo\u010desk\u00e9 v\u011bdeck\u00e9 knihovny v \u00dast\u00ed nad Labem\",\"description\":\"V\u011bnujeme se literatu\u0159e, um\u011bn\u00ed, knih\u00e1m a v\u0161emu, co n\u00e1s bav\u00ed a zaj\u00edm\u00e1.\",\"potentialAction\":[{\"@type\":\"SearchAction\",\"target\":{\"@type\":\"EntryPoint\",\"urlTemplate\":\"https:\/\/blog.svkul.cz\/?s={search_term_string}\"},\"query-input\":{\"@type\":\"PropertyValueSpecification\",\"valueRequired\":true,\"valueName\":\"search_term_string\"}}],\"inLanguage\":\"cs\"},{\"@type\":\"Person\",\"@id\":\"https:\/\/blog.svkul.cz\/#\/schema\/person\/49547581b63594b811ad78a14b4f9079\",\"name\":\"Akviziter\",\"image\":{\"@type\":\"ImageObject\",\"inLanguage\":\"cs\",\"@id\":\"https:\/\/blog.svkul.cz\/#\/schema\/person\/image\/\",\"url\":\"https:\/\/secure.gravatar.com\/avatar\/f42011ae2919fd1888c422331b856a9b?s=96&d=mm&r=g\",\"contentUrl\":\"https:\/\/secure.gravatar.com\/avatar\/f42011ae2919fd1888c422331b856a9b?s=96&d=mm&r=g\",\"caption\":\"Akviziter\"},\"url\":\"https:\/\/blog.knihovnauk.cz\/index.php\/author\/skoloud\/\"}]}<\/script>\n<!-- \/ Yoast SEO plugin. -->","yoast_head_json":{"title":"\u010casopis pro um\u011bn\u00ed a kulturu - Magaz\u00edn Knihovny \u00dasteck\u00e9ho kraje","robots":{"index":"index","follow":"follow","max-snippet":"max-snippet:-1","max-image-preview":"max-image-preview:large","max-video-preview":"max-video-preview:-1"},"canonical":"https:\/\/blog.svkul.cz\/index.php\/2017\/11\/22\/z-fondu\/","og_locale":"cs_CZ","og_type":"article","og_title":"\u010casopis pro um\u011bn\u00ed a kulturu - Magaz\u00edn Knihovny \u00dasteck\u00e9ho kraje","og_description":"P\u0159i reviz\u00edch knihovn\u00edho fondu naraz\u00edme na spoustu kr\u00e1sn\u00fdch publikac\u00ed z let minul\u00fdch. D\u016fkazem je i tento n\u011bmeck\u00fd sv\u00e1zan\u00fd \u010dasopis PAN\u00a0\u00a0z roku 1991, kter\u00fd pot\u011b\u0161\u00ed oko nejednoho milovn\u00edka v\u00fdtvarn\u00e9ho um\u011bn\u00ed. Za prolistov\u00e1n\u00ed ur\u010dit\u011b stoj\u00ed jak pro sv\u016fj obsah tak pro kvalitn\u00ed tisk. Lingvist\u00e9 si po\u010dtou a ti ostatn\u00ed na\u010derpaj\u00ed inspiraci.","og_url":"https:\/\/blog.svkul.cz\/index.php\/2017\/11\/22\/z-fondu\/","og_site_name":"Magaz\u00edn Knihovny \u00dasteck\u00e9ho kraje","article_publisher":"https:\/\/www.facebook.com\/svkusti","article_published_time":"2017-11-22T12:15:09+00:00","article_modified_time":"2017-11-22T12:16:03+00:00","og_image":[{"width":2788,"height":1072,"url":"https:\/\/blog.svkul.cz\/wp-content\/uploads\/2017\/11\/Bez-n\u00e1zvu-1-1.jpg","type":"image\/jpeg"}],"author":"Akviziter","twitter_card":"summary_large_image","twitter_misc":{"Napsal(a)":"Akviziter"},"schema":{"@context":"https:\/\/schema.org","@graph":[{"@type":"WebPage","@id":"https:\/\/blog.svkul.cz\/index.php\/2017\/11\/22\/z-fondu\/","url":"https:\/\/blog.svkul.cz\/index.php\/2017\/11\/22\/z-fondu\/","name":"\u010casopis pro um\u011bn\u00ed a kulturu - Magaz\u00edn Knihovny \u00dasteck\u00e9ho kraje","isPartOf":{"@id":"https:\/\/blog.svkul.cz\/#website"},"primaryImageOfPage":{"@id":"https:\/\/blog.svkul.cz\/index.php\/2017\/11\/22\/z-fondu\/#primaryimage"},"image":{"@id":"https:\/\/blog.svkul.cz\/index.php\/2017\/11\/22\/z-fondu\/#primaryimage"},"thumbnailUrl":"https:\/\/blog.knihovnauk.cz\/wp-content\/uploads\/2017\/11\/Bez-n\u00e1zvu-1-1.jpg","datePublished":"2017-11-22T12:15:09+00:00","dateModified":"2017-11-22T12:16:03+00:00","author":{"@id":"https:\/\/blog.svkul.cz\/#\/schema\/person\/49547581b63594b811ad78a14b4f9079"},"breadcrumb":{"@id":"https:\/\/blog.svkul.cz\/index.php\/2017\/11\/22\/z-fondu\/#breadcrumb"},"inLanguage":"cs","potentialAction":[{"@type":"ReadAction","target":["https:\/\/blog.svkul.cz\/index.php\/2017\/11\/22\/z-fondu\/"]}]},{"@type":"ImageObject","inLanguage":"cs","@id":"https:\/\/blog.svkul.cz\/index.php\/2017\/11\/22\/z-fondu\/#primaryimage","url":"https:\/\/blog.knihovnauk.cz\/wp-content\/uploads\/2017\/11\/Bez-n\u00e1zvu-1-1.jpg","contentUrl":"https:\/\/blog.knihovnauk.cz\/wp-content\/uploads\/2017\/11\/Bez-n\u00e1zvu-1-1.jpg","width":2788,"height":1072},{"@type":"BreadcrumbList","@id":"https:\/\/blog.svkul.cz\/index.php\/2017\/11\/22\/z-fondu\/#breadcrumb","itemListElement":[{"@type":"ListItem","position":1,"name":"Dom\u016f","item":"https:\/\/blog.svkul.cz\/"},{"@type":"ListItem","position":2,"name":"\u010casopis pro um\u011bn\u00ed a kulturu"}]},{"@type":"WebSite","@id":"https:\/\/blog.svkul.cz\/#website","url":"https:\/\/blog.svkul.cz\/","name":"Magaz\u00edn Severo\u010desk\u00e9 v\u011bdeck\u00e9 knihovny v \u00dast\u00ed nad Labem","description":"V\u011bnujeme se literatu\u0159e, um\u011bn\u00ed, knih\u00e1m a v\u0161emu, co n\u00e1s bav\u00ed a zaj\u00edm\u00e1.","potentialAction":[{"@type":"SearchAction","target":{"@type":"EntryPoint","urlTemplate":"https:\/\/blog.svkul.cz\/?s={search_term_string}"},"query-input":{"@type":"PropertyValueSpecification","valueRequired":true,"valueName":"search_term_string"}}],"inLanguage":"cs"},{"@type":"Person","@id":"https:\/\/blog.svkul.cz\/#\/schema\/person\/49547581b63594b811ad78a14b4f9079","name":"Akviziter","image":{"@type":"ImageObject","inLanguage":"cs","@id":"https:\/\/blog.svkul.cz\/#\/schema\/person\/image\/","url":"https:\/\/secure.gravatar.com\/avatar\/f42011ae2919fd1888c422331b856a9b?s=96&d=mm&r=g","contentUrl":"https:\/\/secure.gravatar.com\/avatar\/f42011ae2919fd1888c422331b856a9b?s=96&d=mm&r=g","caption":"Akviziter"},"url":"https:\/\/blog.knihovnauk.cz\/index.php\/author\/skoloud\/"}]}},"_links":{"self":[{"href":"https:\/\/blog.knihovnauk.cz\/index.php\/wp-json\/wp\/v2\/posts\/202","targetHints":{"allow":["GET"]}}],"collection":[{"href":"https:\/\/blog.knihovnauk.cz\/index.php\/wp-json\/wp\/v2\/posts"}],"about":[{"href":"https:\/\/blog.knihovnauk.cz\/index.php\/wp-json\/wp\/v2\/types\/post"}],"author":[{"embeddable":true,"href":"https:\/\/blog.knihovnauk.cz\/index.php\/wp-json\/wp\/v2\/users\/2"}],"replies":[{"embeddable":true,"href":"https:\/\/blog.knihovnauk.cz\/index.php\/wp-json\/wp\/v2\/comments?post=202"}],"version-history":[{"count":2,"href":"https:\/\/blog.knihovnauk.cz\/index.php\/wp-json\/wp\/v2\/posts\/202\/revisions"}],"predecessor-version":[{"id":205,"href":"https:\/\/blog.knihovnauk.cz\/index.php\/wp-json\/wp\/v2\/posts\/202\/revisions\/205"}],"wp:featuredmedia":[{"embeddable":true,"href":"https:\/\/blog.knihovnauk.cz\/index.php\/wp-json\/wp\/v2\/media\/203"}],"wp:attachment":[{"href":"https:\/\/blog.knihovnauk.cz\/index.php\/wp-json\/wp\/v2\/media?parent=202"}],"wp:term":[{"taxonomy":"category","embeddable":true,"href":"https:\/\/blog.knihovnauk.cz\/index.php\/wp-json\/wp\/v2\/categories?post=202"},{"taxonomy":"post_tag","embeddable":true,"href":"https:\/\/blog.knihovnauk.cz\/index.php\/wp-json\/wp\/v2\/tags?post=202"}],"curies":[{"name":"wp","href":"https:\/\/api.w.org\/{rel}","templated":true}]}}