{"id":2403,"date":"2023-10-02T15:04:43","date_gmt":"2023-10-02T13:04:43","guid":{"rendered":"https:\/\/blog.knihovnauk.cz\/?p=2403"},"modified":"2023-10-09T09:08:20","modified_gmt":"2023-10-09T07:08:20","slug":"hana-bednarova-rudolf-v-knizaludku","status":"publish","type":"post","link":"https:\/\/blog.knihovnauk.cz\/index.php\/2023\/10\/02\/hana-bednarova-rudolf-v-knizaludku\/","title":{"rendered":"Hana Bedn\u00e1\u0159ov\u00e1: Rudolf v Kni\u017ealudku (B\u00c1JN\u00c1 KNIHOVNA)"},"content":{"rendered":"\n<p><strong><em>Pov\u00eddka z liter\u00e1rn\u00ed sout\u011b\u017ee <a href=\"https:\/\/www.knihovnauk.cz\/detail-akce\/soutez-bajne-bytosti-a-strasidla-usteckeho-kraje\/\">\u201eB\u00e1jn\u00e9 bytosti a stra\u0161idla \u00dasteck\u00e9ho kraje\u201c<\/a>, jej\u00edm\u017e t\u00e9matem byly b\u00e1jn\u00e9 bytosti a stra\u0161idla \u00dasteck\u00e9ho kraje. Nejlep\u0161\u00ed pov\u00eddky jsou oti\u0161t\u011bny v nov\u00e9 knihovn\u00ed publikaci B\u00e1jn\u00e1 knihovna. Sout\u011b\u017en\u00ed pov\u00eddka Hany Bedn\u00e1\u0159ov\u00e9 bohu\u017eel p\u0159esn\u011b nesplnila zad\u00e1n\u00ed (nen\u00ed region\u00e1ln\u011b identifikovateln\u00e1, neodehr\u00e1v\u00e1 se v \u00dasteck\u00e9m kraji), p\u0159esto se porot\u011b velmi l\u00edbila a proto ji zve\u0159ej\u0148ujeme na na\u0161em blogu. Ostatn\u00ed sout\u011b\u017en\u00ed pov\u00eddky budou n\u00e1sledovat.<\/em><\/strong><\/p>\n\n\n\n<p>Rudolf hltal zejm\u00e9na fantasy a sci-fi, s bl\u00ed\u017e\u00edc\u00edmi se p\u0159ij\u00edma\u010dkami na gymn\u00e1zium byl ale nucen p\u0159ij\u00edt na chu\u0165 i klasice jin\u00fdch \u017e\u00e1nr\u016f. Dnes si z knihovny odhodlan\u011b p\u0159inesl n\u011bkolik v\u00fd\u017eivn\u00fdch kousk\u016f, nad nimi\u017e se te\u010f skl\u00e1n\u011bl a vyb\u00edral, do kter\u00e9ho se zakousne nejd\u0159\u00edve.<\/p>\n\n\n\n<p>Mezi svazky v ohmatan\u00fdch f\u00f3li\u00edch ho hned zaujala po\u0159\u00e1dn\u011b tlust\u00e1, v k\u016f\u017ei v\u00e1zan\u00e1 bichle, kterou musel do ko\u0161\u00edku p\u0159idat omylem. To se tedy pronese, a\u017e ji p\u016fjde vracet.<\/p>\n\n\n\n<p>Vtom si v\u0161iml, \u017ee je kniha jaksi mokr\u00e1, a dokonce z n\u00ed vyt\u00e9k\u00e1 pr\u016fzra\u010dn\u00e1 lepkav\u00e1 tekutina. \u017d\u00e1dn\u00fd n\u00e1pis ani ilustrace mu neprozradily, o jak\u00fd svazek jde. Ned\u016fv\u011b\u0159iv\u011b se naklonil nad masivn\u00ed vazbu a opatrn\u011b prstem nadzdvihl ne\u010dekan\u011b t\u011b\u017ekou p\u0159edn\u00ed desku.<\/p>\n\n\n\n<p>Ta proklat\u00e1 zv\u011bdavost!<\/p>\n\n\n\n<p>Kniha ho spolkla. Poz\u0159ela jej, schlamstla, sprost\u011b ho se\u017erala. Na stole, kde z ob\u00e1lek sm\u011ble hled\u011bli liter\u00e1rn\u00ed hrdinov\u00e9 do pr\u00e1zdn\u00e9ho pokoje, nezbyl po Rudolfovi ani mastn\u00fd flek. Ozvalo se jen nechutn\u00e9 mlasknut\u00ed, kter\u00e9 ale nem\u011bl kdo zaslechnout \u2013 to kniha vsrkla Rudolfovy pono\u017eky.<\/p>\n\n\n\n<p>Svi\u0161t\u011bl temn\u011b rudou rourou a po p\u00e1r vte\u0159in\u00e1ch ho to vyplivlo na jakousi trampol\u00ednu. Nejist\u011b se postavil a nohama za\u010dvachtal v \u010demsi tepl\u00e9m a slizk\u00e9m. St\u00e1l a\u017e po kotn\u00edky v kni\u017en\u00edch slin\u00e1ch, kter\u00e9 je\u0161t\u011b p\u0159ed chv\u00edl\u00ed vyt\u00e9kaly ze z\u00e1hadn\u00e9ho svazku, v jeho\u017e \u00fatrob\u00e1ch se te\u010f nejsp\u00ed\u0161 nach\u00e1zel.<\/p>\n\n\n\n<p>Rudolf se kone\u010dn\u011b rozhl\u00e9dl: \u0161iroko daleko se t\u00e1hla m\u00edrn\u011b zvln\u011bn\u00e1 r\u016f\u017eovo-rudo-fialov\u00e1 bl\u00e1na, na kter\u00e9 balancoval. On s\u00e1m se pohupoval v lou\u017ei chladnouc\u00edch slin. Temn\u00fd otvor roury, z n\u00ed\u017e pr\u00e1v\u011b vypadl, byl jedin\u00fdm orienta\u010dn\u00edm bodem v obrovsk\u00e9 b\u00edlo-\u0161edo-\u017elut\u00e9 kupoli, kter\u00e1 vyd\u00e1vala m\u011bkk\u00e9 sv\u011btlo bez viditeln\u00e9ho zdroje.<\/p>\n\n\n\n<p>\u201eTo teda p\u011bkn\u011b d\u011bkuju,\u201c zahu\u010del otr\u00e1ven\u00fd hlas. Rudolf by p\u0159\u00edsahal, \u017ee je\u0161t\u011b p\u0159ed chv\u00edl\u00ed p\u0159ed n\u00edm nikdo nest\u00e1l, te\u010f na n\u011bj ale hled\u011bl bled\u00fd huben\u00fd mlad\u00edk, kter\u00fd vypadal jako frontman amat\u00e9rsk\u00e9 punkov\u00e9 kapely.<\/p>\n\n\n\n<p>\u201eEee\u2026 Dobr\u00fd den?\u201c zav\u00e1hal Rudolf.<\/p>\n\n\n\n<p>\u201eDobrej. Tyhle d\u011bcka, co si p\u0159e\u010dtou maxim\u00e1ln\u011b heslo na Wikipedii\u2026 No nic. Tak to vezmeme svi\u017en\u011b: V\u0161ezv\u011bd V\u0161udybud, dle p\u0159edstav \u010dten\u00e1\u0159e, M\u00e1men\u00ed m\u00e1 kliku, \u017ee je zrovna na dovolen\u00e9 v Hobit\u00edn\u011b, jinak by tady se mnou st\u00e1l hip\u00edk v h\u00e1\u010dkovan\u00fdm kulichu. Kni\u017ealudek si t\u011b vybral mezi nenasytn\u00fdmi \u010dten\u00e1\u0159i jako potravu na prvn\u00ed kvart\u00e1l, t\u00e1mhle si stoupni, za chvilku si t\u011b rozeberou,\u201c znud\u011bn\u011b k\u00fdvl kamsi za sebe.<\/p>\n\n\n\n<p>Rudolf st\u00e1l jako vrostl\u00fd do pru\u017en\u00e9 bl\u00e1ny. Zvedl zrak k m\u00edstu, kam jej sm\u011broval V\u0161ezv\u011bd. A skute\u010dn\u011b: z povrchu, kde p\u0159ed chv\u00edl\u00ed nebylo v\u016fbec nic, vyrostl mramorov\u00fd olt\u00e1\u0159, pokud mohl odhadovat funkci vysok\u00e9 kamenn\u00e9 desky. V\u016fbec se mu to nel\u00edbilo. Vykro\u010dil z lou\u017ee, kde ho za\u010d\u00ednala z\u00e1bst chodidla, na su\u0161\u0161\u00ed m\u00edsto.<\/p>\n\n\n\n<p>\u201eCo\u017ee? Jak jako rozebrat? Kde to jsme?\u201c ptal se o p\u0159ekot.<\/p>\n\n\n\n<p>\u201eTy m\u00e1\u0161 ot\u00e1zek! V\u017edy\u0165 ti to \u0159\u00edk\u00e1m, Kni\u017ealudek, \u017erout nest\u0159\u00eddm\u00fdch, si t\u011b za chv\u00edli naporcuje.\u201c V\u0161ezv\u011bd si prohl\u00ed\u017eel nehty a Rudolf ho o\u010dividn\u011b moc nezaj\u00edmal. Chlapcovo neblah\u00e9 tu\u0161en\u00ed za\u010dalo nab\u00fdvat konkr\u00e9tn\u00edch obrys\u016f, je\u0161t\u011b ne\u017e dozn\u011bla V\u0161ezv\u011bdova neur\u010dit\u00e1 odpov\u011b\u010f.<\/p>\n\n\n\n<p>Vzduch se zavlnil a u olt\u00e1\u0159e se nahustila na\u017eloutl\u00e1 mlha, z n\u00ed\u017e vz\u00e1p\u011bt\u00ed vystoupil pon\u011bkud vypelichan\u00fd k\u016f\u0148 stejn\u00e9 barvy. Za uzdu jej vedl mu\u017e oble\u010den\u00fd jako mu\u0161ket\u00fdr. Rudolfovi do\u0161lo, \u017ee to nebude jen tak n\u011bjak\u00fd chlap\u00edk v p\u0159evleku, ale \u017ee k n\u011bmu kr\u00e1\u010d\u00ed opravdov\u00fd d&#8217;Artagnan, kter\u00e9ho n\u00e1sledovaly dal\u0161\u00ed t\u0159i podobn\u011b od\u011bn\u00e9 postavy s ko\u0148mi. A dal\u0161\u00ed mu\u017e rovnou na koni p\u0159ij\u00ed\u017ed\u011bl. Vysok\u00e9ho<\/p>\n\n\n\n<p>a huben\u00e9ho star\u0161\u00edho ryt\u00ed\u0159e doprov\u00e1zel podsadit\u00fd chlap\u00edk a Rudolf v nich poznal zt\u011blesn\u011bnou ilustraci knihy, je\u017e le\u017eela u n\u011bj v pokoji na stole kdov\u00edjak daleko. Za dvojic\u00ed se s pl\u00e1c\u00e1n\u00edm valil cel\u00fd z\u00e1stup obrovsk\u00fdch \u010dern\u00fdch mlok\u016f.<\/p>\n\n\n\n<p>Rudolf za\u010dal panika\u0159it. Postavy ml\u010dely, za\u010daly jej obestupovat a tla\u010dit k olt\u00e1\u0159i a up\u0159en\u011b jej pozorovaly. O\u010di se jim \u2013 ano, jinak se to vylo\u017eit nedalo \u2013 hladov\u011b leskly. Rudolfovi nad hlavou za\u0161ustila k\u0159\u00eddla. Bylo mu jasn\u00e9, \u017ee si p\u0159ilet\u011bl klovnout i havran Edgara Allana Poea. Jakmile na to pomyslel, v \u010dele olt\u00e1\u0159e vyrostla rovn\u011b\u017e mramorov\u00e1 busta antick\u00e9 bohyn\u011b.<\/p>\n\n\n\n<p>Aha, takhle to funguje! Rudolf p\u0159ekon\u00e1val \u0161ok a mozek mu pomalu zase za\u010d\u00ednal fungovat. Cokoli z literatury si tady p\u0159edstav\u00ed, uk\u00e1\u017ee se jako skute\u010dn\u00e9. Velmi nebezpe\u010dn\u011b skute\u010dn\u00e9.<\/p>\n\n\n\n<p>\u201eNa to, \u017ees z klasiky \u010detl leda tak Robinsona, ti to docela p\u00e1l\u00ed,\u201c podotkl celkem uznale opod\u00e1l stoj\u00edc\u00ed punkov\u00fd V\u0161ezv\u011bd, kter\u00e9mu neunikl Rudolf\u016fv z\u00e1blesk pochopen\u00ed. \u201eAle nemysli si, \u017ee ti to v Kni\u017ealudku n\u011bjak pom\u016f\u017ee. Hele, u\u017e to tu za\u010d\u00edn\u00e1 m\u00edt \u0161\u0165\u00e1vu,\u201c nehezky se zachechtal.<\/p>\n\n\n\n<p>Rudolf se vypla\u0161en\u011b rozhl\u00e9dl a tentokr\u00e1t na horizontu nekone\u010dn\u00e9 bl\u00e1ny nespat\u0159il linii obzoru, ale monstr\u00f3zn\u00ed vlnu dosahuj\u00edc\u00ed a\u017e k hranic\u00edm kupole. Zaslechl vzd\u00e1len\u00fd hukot a domyslel si, \u017ee se k n\u011bmu bl\u00ed\u017e\u00ed z\u00e1plava kni\u017ealude\u010dn\u00edch kyselin. Sancho Panza vyt\u00e1hl ze sedlov\u00e9 bra\u0161ny unaven\u011b vyhl\u00ed\u017eej\u00edc\u00edho kon\u011b vidli\u010dku a mlsn\u011b se ol\u00edznul.<\/p>\n\n\n\n<p>\u201eDote\u010f ses kn\u00ed\u017ekami prokous\u00e1val ty, te\u010f si p\u0159e\u017ev\u00fdk\u00e1me pro Kni\u017ealudek my tebe,\u201c konstatoval su\u0161e V\u0161ezv\u011bd, co u\u017e Rudolf sta\u010dil odhalit.<\/p>\n\n\n\n<p>P\u0159ece se tu nenech\u00e1 natr\u00e1vit n\u011bjak\u00fdm Kni\u017ealudkem! Mus\u00ed n\u011bco vymyslet. Jak se obvykle n\u011bkdo dostane z tr\u00e1vic\u00edho org\u00e1nu? M\u00e1 si n\u011bjak prorazit cestu ven? Rad\u011bji si zak\u00e1zal myslet na verneovky, aby ho n\u011bjak\u00fd vyn\u00e1lez zk\u00e1zy nerozp\u00e1ral i s Kni\u017ealudkem.<\/p>\n\n\n\n<p>I takov\u00e1 my\u0161lenka ov\u0161em sta\u010dila k tomu, aby se kupole okam\u017eit\u011b zaplnila horkovzdu\u0161n\u00fdmi balony a vzducholod\u011bmi. V bl\u00ed\u017e\u00edc\u00ed se st\u011bn\u011b p\u0159\u00edlivov\u00e9 vlny zahl\u00e9dl ob\u0159\u00ed ponorku. Bude muset p\u0159em\u00fd\u0161let je\u0161t\u011b rychleji a p\u0159\u00edmo\u010da\u0159eji. \u00dazkost\u00ed mu po cel\u00e9m t\u011ble vyrazil ledov\u00fd pot a \u00fatroby se mu sev\u0159ely\u2026 To je ono! Mus\u00ed Kni\u017ealudek obr\u00e1tit naruby!<\/p>\n\n\n\n<p>Od n\u00e1padu k proveden\u00ed m\u011bl improviza\u010dn\u011b schopn\u00fd Rudolf u\u017e jen kr\u016f\u010dek. Snad by mohlo zabrat tohle: \u201eHele, Kni\u017ealudku! Dob\u0159e m\u011b poslouchej!\u201c zak\u0159i\u010del Rudolf, aby p\u0159ehlu\u0161il hukot kyselinov\u00e9 vlny, netrp\u011bliv\u00e9 podup\u00e1v\u00e1n\u00ed a frk\u00e1n\u00ed v\u0161ech kon\u00ed, capk\u00e1n\u00ed mlo\u010d\u00edch tlapek a vrn\u011bn\u00ed verneovsk\u00fdch p\u0159\u00edstroj\u016f, kter\u00e9 jim br\u00e1zdily prostor nad hlavami. V\u0161eobecn\u00fd mumraj pon\u011bkud polevil, jak se cel\u00fd ten zvl\u00e1\u0161tn\u00ed sv\u011bt soust\u0159edil na Rudolfova slova.<\/p>\n\n\n\n<p>\u201eV p\u00e1t\u00e9 t\u0159\u00edd\u011b jsem v p\u016fj\u010den\u00e9 kn\u00ed\u017ece ohnul roh!\u201c zkusil prvn\u00ed v\u00fdmysl. A skute\u010dn\u011b \u2013 zabralo to! Bl\u00e1na Kni\u017ealudku se m\u00edrn\u011b zachv\u011bla a liter\u00e1rn\u00ed postavy, zv\u00ed\u0159ata a stroje ustaly v pohybu a oto\u010dily se p\u0159\u00edmo na Rudolfa. V\u0161ezv\u011bd je\u0161t\u011b v\u00edc zblednul.<\/p>\n\n\n\n<p>Rudolf hned nav\u00e1zal: \u201eLoni jsem fixou vybarvil \u010dernob\u00edlou ilustraci a sest\u0159e do D\u011bt\u00ed z Bullerbynu p\u0159ikreslil dinosaury!\u201c Kni\u017ealudek se ot\u0159\u00e1sl, v\u0161ichni p\u0159\u00edtomn\u00ed tvorov\u00e9 na nestabiln\u00ed bl\u00e1n\u011b popadali, stroje zakol\u00edsaly a havran se vypla\u0161en\u011b rozkr\u00e1kal.<\/p>\n\n\n\n<p>\u201eP\u0159ed t\u00fddnem jsem si zalo\u017eil P\u00e1na prsten\u016f rohl\u00edkem se \u0161unkou a zapomn\u011bl ho tam!\u201c vytasil Rudolf nejvy\u0161\u0161\u00ed kartu. To u\u017e Kni\u017ealudek nevydr\u017eel. Roura, v n\u00ed\u017e Rudolf sv\u00e9 dobrodru\u017estv\u00ed v Kni\u017ealudku zapo\u010dal, jej mocn\u00fdm tahem nas\u00e1la zp\u00e1tky, pr\u00e1v\u011b ve chv\u00edli, kdy se olb\u0159\u00edm\u00ed chlorovod\u00edkov\u00e9 tsunami i s ponorkou p\u0159evalilo p\u0159es V\u0161ezv\u011bda, d&#8217;Artagnana, Athose, Porthose, Aramise, Dona Quijota de la Mancha, Sancha Panzu, p\u011bt kon\u00ed, \u010dty\u0159icet dva mlok\u016f, dv\u011b vzducholod\u011b, t\u0159i horkovzdu\u0161n\u00e9 bal\u00f3ny a jednoho t\u0159epotaj\u00edc\u00edho se havrana v ohromn\u00e9m vzedmut\u00ed kni\u017ealude\u010dn\u00ed bl\u00e1ny.<\/p>\n\n\n\n<p>Rudolf t\u011b\u017ece dopadl na koberec ve sv\u00e9m pokoji, cel\u00fd obalen\u00fd kni\u017en\u00edmi slinami. Kni\u017ealudek s \u0159\u00edhnut\u00edm zaklapl sv\u00e9 la\u010dn\u00e9 desky a ot\u0159\u00e1sl se odporem. Te\u010f si bude muset vybrat jin\u00e9ho \u010dten\u00e1\u0159e! Je\u0161t\u011b<\/p>\n\n\n\n<p>chv\u00edli nadskakoval na stole mezi nehybn\u00fdmi klasick\u00fdmi tituly, pak vypl\u00e1znul obzvl\u00e1\u0161\u0165 dlouh\u00fd za\u017eloutl\u00fd list, poskl\u00e1dal jej s\u00e1m kolem sebe a spolknul se.<\/p>\n","protected":false},"excerpt":{"rendered":"<p>Pov\u00eddka z liter\u00e1rn\u00ed sout\u011b\u017ee \u201eB\u00e1jn\u00e9 bytosti a stra\u0161idla \u00dasteck\u00e9ho kraje\u201c, jej\u00edm\u017e t\u00e9matem byly b\u00e1jn\u00e9 bytosti a stra\u0161idla \u00dasteck\u00e9ho kraje. Nejlep\u0161\u00ed pov\u00eddky jsou oti\u0161t\u011bny v nov\u00e9 knihovn\u00ed publikaci B\u00e1jn\u00e1 knihovna. Sout\u011b\u017en\u00ed pov\u00eddka Hany Bedn\u00e1\u0159ov\u00e9 bohu\u017eel p\u0159esn\u011b nesplnila zad\u00e1n\u00ed (nen\u00ed region\u00e1ln\u011b identifikovateln\u00e1, neodehr\u00e1v\u00e1 se v \u00dasteck\u00e9m kraji), p\u0159esto se porot\u011b velmi l\u00edbila a proto ji zve\u0159ej\u0148ujeme na [&hellip;]<\/p>\n","protected":false},"author":2,"featured_media":2404,"comment_status":"open","ping_status":"open","sticky":false,"template":"","format":"standard","meta":{"_monsterinsights_skip_tracking":false,"_monsterinsights_sitenote_active":false,"_monsterinsights_sitenote_note":"","_monsterinsights_sitenote_category":0,"footnotes":""},"categories":[329],"tags":[],"class_list":["post-2403","post","type-post","status-publish","format-standard","has-post-thumbnail","hentry","category-bajna-knihovna"],"yoast_head":"<!-- This site is optimized with the Yoast SEO plugin v24.8.1 - https:\/\/yoast.com\/wordpress\/plugins\/seo\/ -->\n<title>Hana Bedn\u00e1\u0159ov\u00e1: Rudolf v Kni\u017ealudku (B\u00c1JN\u00c1 KNIHOVNA) - Magaz\u00edn Knihovny \u00dasteck\u00e9ho kraje<\/title>\n<meta name=\"robots\" content=\"index, follow, max-snippet:-1, max-image-preview:large, max-video-preview:-1\" \/>\n<link rel=\"canonical\" href=\"https:\/\/blog.knihovnauk.cz\/index.php\/2023\/10\/02\/hana-bednarova-rudolf-v-knizaludku\/\" \/>\n<meta property=\"og:locale\" content=\"cs_CZ\" \/>\n<meta property=\"og:type\" content=\"article\" \/>\n<meta property=\"og:title\" content=\"Hana Bedn\u00e1\u0159ov\u00e1: Rudolf v Kni\u017ealudku (B\u00c1JN\u00c1 KNIHOVNA) - Magaz\u00edn Knihovny \u00dasteck\u00e9ho kraje\" \/>\n<meta property=\"og:description\" content=\"Pov\u00eddka z liter\u00e1rn\u00ed sout\u011b\u017ee \u201eB\u00e1jn\u00e9 bytosti a stra\u0161idla \u00dasteck\u00e9ho kraje\u201c, jej\u00edm\u017e t\u00e9matem byly b\u00e1jn\u00e9 bytosti a stra\u0161idla \u00dasteck\u00e9ho kraje. Nejlep\u0161\u00ed pov\u00eddky jsou oti\u0161t\u011bny v nov\u00e9 knihovn\u00ed publikaci B\u00e1jn\u00e1 knihovna. Sout\u011b\u017en\u00ed pov\u00eddka Hany Bedn\u00e1\u0159ov\u00e9 bohu\u017eel p\u0159esn\u011b nesplnila zad\u00e1n\u00ed (nen\u00ed region\u00e1ln\u011b identifikovateln\u00e1, neodehr\u00e1v\u00e1 se v \u00dasteck\u00e9m kraji), p\u0159esto se porot\u011b velmi l\u00edbila a proto ji zve\u0159ej\u0148ujeme na [&hellip;]\" \/>\n<meta property=\"og:url\" content=\"https:\/\/blog.knihovnauk.cz\/index.php\/2023\/10\/02\/hana-bednarova-rudolf-v-knizaludku\/\" \/>\n<meta property=\"og:site_name\" content=\"Magaz\u00edn Knihovny \u00dasteck\u00e9ho kraje\" \/>\n<meta property=\"article:publisher\" content=\"https:\/\/www.facebook.com\/svkusti\" \/>\n<meta property=\"article:published_time\" content=\"2023-10-02T13:04:43+00:00\" \/>\n<meta property=\"article:modified_time\" content=\"2023-10-09T07:08:20+00:00\" \/>\n<meta property=\"og:image\" content=\"https:\/\/blog.knihovnauk.cz\/wp-content\/uploads\/2023\/10\/knizaludek_ilustrace_Bednarova-910x1024.png\" \/>\n\t<meta property=\"og:image:width\" content=\"910\" \/>\n\t<meta property=\"og:image:height\" content=\"1024\" \/>\n\t<meta property=\"og:image:type\" content=\"image\/png\" \/>\n<meta name=\"author\" content=\"Akviziter\" \/>\n<meta name=\"twitter:card\" content=\"summary_large_image\" \/>\n<meta name=\"twitter:label1\" content=\"Napsal(a)\" \/>\n\t<meta name=\"twitter:data1\" content=\"Akviziter\" \/>\n\t<meta name=\"twitter:label2\" content=\"Odhadovan\u00e1 doba \u010dten\u00ed\" \/>\n\t<meta name=\"twitter:data2\" content=\"7 minut\" \/>\n<script type=\"application\/ld+json\" class=\"yoast-schema-graph\">{\"@context\":\"https:\/\/schema.org\",\"@graph\":[{\"@type\":\"WebPage\",\"@id\":\"https:\/\/blog.knihovnauk.cz\/index.php\/2023\/10\/02\/hana-bednarova-rudolf-v-knizaludku\/\",\"url\":\"https:\/\/blog.knihovnauk.cz\/index.php\/2023\/10\/02\/hana-bednarova-rudolf-v-knizaludku\/\",\"name\":\"Hana Bedn\u00e1\u0159ov\u00e1: Rudolf v Kni\u017ealudku (B\u00c1JN\u00c1 KNIHOVNA) - Magaz\u00edn Knihovny \u00dasteck\u00e9ho kraje\",\"isPartOf\":{\"@id\":\"https:\/\/blog.svkul.cz\/#website\"},\"primaryImageOfPage\":{\"@id\":\"https:\/\/blog.knihovnauk.cz\/index.php\/2023\/10\/02\/hana-bednarova-rudolf-v-knizaludku\/#primaryimage\"},\"image\":{\"@id\":\"https:\/\/blog.knihovnauk.cz\/index.php\/2023\/10\/02\/hana-bednarova-rudolf-v-knizaludku\/#primaryimage\"},\"thumbnailUrl\":\"https:\/\/blog.knihovnauk.cz\/wp-content\/uploads\/2023\/10\/knizaludek_ilustrace_Bednarova.png\",\"datePublished\":\"2023-10-02T13:04:43+00:00\",\"dateModified\":\"2023-10-09T07:08:20+00:00\",\"author\":{\"@id\":\"https:\/\/blog.svkul.cz\/#\/schema\/person\/49547581b63594b811ad78a14b4f9079\"},\"breadcrumb\":{\"@id\":\"https:\/\/blog.knihovnauk.cz\/index.php\/2023\/10\/02\/hana-bednarova-rudolf-v-knizaludku\/#breadcrumb\"},\"inLanguage\":\"cs\",\"potentialAction\":[{\"@type\":\"ReadAction\",\"target\":[\"https:\/\/blog.knihovnauk.cz\/index.php\/2023\/10\/02\/hana-bednarova-rudolf-v-knizaludku\/\"]}]},{\"@type\":\"ImageObject\",\"inLanguage\":\"cs\",\"@id\":\"https:\/\/blog.knihovnauk.cz\/index.php\/2023\/10\/02\/hana-bednarova-rudolf-v-knizaludku\/#primaryimage\",\"url\":\"https:\/\/blog.knihovnauk.cz\/wp-content\/uploads\/2023\/10\/knizaludek_ilustrace_Bednarova.png\",\"contentUrl\":\"https:\/\/blog.knihovnauk.cz\/wp-content\/uploads\/2023\/10\/knizaludek_ilustrace_Bednarova.png\",\"width\":4161,\"height\":4681},{\"@type\":\"BreadcrumbList\",\"@id\":\"https:\/\/blog.knihovnauk.cz\/index.php\/2023\/10\/02\/hana-bednarova-rudolf-v-knizaludku\/#breadcrumb\",\"itemListElement\":[{\"@type\":\"ListItem\",\"position\":1,\"name\":\"Dom\u016f\",\"item\":\"https:\/\/blog.svkul.cz\/\"},{\"@type\":\"ListItem\",\"position\":2,\"name\":\"Hana Bedn\u00e1\u0159ov\u00e1: Rudolf v Kni\u017ealudku (B\u00c1JN\u00c1 KNIHOVNA)\"}]},{\"@type\":\"WebSite\",\"@id\":\"https:\/\/blog.svkul.cz\/#website\",\"url\":\"https:\/\/blog.svkul.cz\/\",\"name\":\"Magaz\u00edn Severo\u010desk\u00e9 v\u011bdeck\u00e9 knihovny v \u00dast\u00ed nad Labem\",\"description\":\"V\u011bnujeme se literatu\u0159e, um\u011bn\u00ed, knih\u00e1m a v\u0161emu, co n\u00e1s bav\u00ed a zaj\u00edm\u00e1.\",\"potentialAction\":[{\"@type\":\"SearchAction\",\"target\":{\"@type\":\"EntryPoint\",\"urlTemplate\":\"https:\/\/blog.svkul.cz\/?s={search_term_string}\"},\"query-input\":{\"@type\":\"PropertyValueSpecification\",\"valueRequired\":true,\"valueName\":\"search_term_string\"}}],\"inLanguage\":\"cs\"},{\"@type\":\"Person\",\"@id\":\"https:\/\/blog.svkul.cz\/#\/schema\/person\/49547581b63594b811ad78a14b4f9079\",\"name\":\"Akviziter\",\"image\":{\"@type\":\"ImageObject\",\"inLanguage\":\"cs\",\"@id\":\"https:\/\/blog.svkul.cz\/#\/schema\/person\/image\/\",\"url\":\"https:\/\/secure.gravatar.com\/avatar\/f42011ae2919fd1888c422331b856a9b?s=96&d=mm&r=g\",\"contentUrl\":\"https:\/\/secure.gravatar.com\/avatar\/f42011ae2919fd1888c422331b856a9b?s=96&d=mm&r=g\",\"caption\":\"Akviziter\"},\"url\":\"https:\/\/blog.knihovnauk.cz\/index.php\/author\/skoloud\/\"}]}<\/script>\n<!-- \/ Yoast SEO plugin. -->","yoast_head_json":{"title":"Hana Bedn\u00e1\u0159ov\u00e1: Rudolf v Kni\u017ealudku (B\u00c1JN\u00c1 KNIHOVNA) - Magaz\u00edn Knihovny \u00dasteck\u00e9ho kraje","robots":{"index":"index","follow":"follow","max-snippet":"max-snippet:-1","max-image-preview":"max-image-preview:large","max-video-preview":"max-video-preview:-1"},"canonical":"https:\/\/blog.knihovnauk.cz\/index.php\/2023\/10\/02\/hana-bednarova-rudolf-v-knizaludku\/","og_locale":"cs_CZ","og_type":"article","og_title":"Hana Bedn\u00e1\u0159ov\u00e1: Rudolf v Kni\u017ealudku (B\u00c1JN\u00c1 KNIHOVNA) - Magaz\u00edn Knihovny \u00dasteck\u00e9ho kraje","og_description":"Pov\u00eddka z liter\u00e1rn\u00ed sout\u011b\u017ee \u201eB\u00e1jn\u00e9 bytosti a stra\u0161idla \u00dasteck\u00e9ho kraje\u201c, jej\u00edm\u017e t\u00e9matem byly b\u00e1jn\u00e9 bytosti a stra\u0161idla \u00dasteck\u00e9ho kraje. Nejlep\u0161\u00ed pov\u00eddky jsou oti\u0161t\u011bny v nov\u00e9 knihovn\u00ed publikaci B\u00e1jn\u00e1 knihovna. Sout\u011b\u017en\u00ed pov\u00eddka Hany Bedn\u00e1\u0159ov\u00e9 bohu\u017eel p\u0159esn\u011b nesplnila zad\u00e1n\u00ed (nen\u00ed region\u00e1ln\u011b identifikovateln\u00e1, neodehr\u00e1v\u00e1 se v \u00dasteck\u00e9m kraji), p\u0159esto se porot\u011b velmi l\u00edbila a proto ji zve\u0159ej\u0148ujeme na [&hellip;]","og_url":"https:\/\/blog.knihovnauk.cz\/index.php\/2023\/10\/02\/hana-bednarova-rudolf-v-knizaludku\/","og_site_name":"Magaz\u00edn Knihovny \u00dasteck\u00e9ho kraje","article_publisher":"https:\/\/www.facebook.com\/svkusti","article_published_time":"2023-10-02T13:04:43+00:00","article_modified_time":"2023-10-09T07:08:20+00:00","og_image":[{"width":910,"height":1024,"url":"https:\/\/blog.knihovnauk.cz\/wp-content\/uploads\/2023\/10\/knizaludek_ilustrace_Bednarova-910x1024.png","type":"image\/png"}],"author":"Akviziter","twitter_card":"summary_large_image","twitter_misc":{"Napsal(a)":"Akviziter","Odhadovan\u00e1 doba \u010dten\u00ed":"7 minut"},"schema":{"@context":"https:\/\/schema.org","@graph":[{"@type":"WebPage","@id":"https:\/\/blog.knihovnauk.cz\/index.php\/2023\/10\/02\/hana-bednarova-rudolf-v-knizaludku\/","url":"https:\/\/blog.knihovnauk.cz\/index.php\/2023\/10\/02\/hana-bednarova-rudolf-v-knizaludku\/","name":"Hana Bedn\u00e1\u0159ov\u00e1: Rudolf v Kni\u017ealudku (B\u00c1JN\u00c1 KNIHOVNA) - Magaz\u00edn Knihovny \u00dasteck\u00e9ho kraje","isPartOf":{"@id":"https:\/\/blog.svkul.cz\/#website"},"primaryImageOfPage":{"@id":"https:\/\/blog.knihovnauk.cz\/index.php\/2023\/10\/02\/hana-bednarova-rudolf-v-knizaludku\/#primaryimage"},"image":{"@id":"https:\/\/blog.knihovnauk.cz\/index.php\/2023\/10\/02\/hana-bednarova-rudolf-v-knizaludku\/#primaryimage"},"thumbnailUrl":"https:\/\/blog.knihovnauk.cz\/wp-content\/uploads\/2023\/10\/knizaludek_ilustrace_Bednarova.png","datePublished":"2023-10-02T13:04:43+00:00","dateModified":"2023-10-09T07:08:20+00:00","author":{"@id":"https:\/\/blog.svkul.cz\/#\/schema\/person\/49547581b63594b811ad78a14b4f9079"},"breadcrumb":{"@id":"https:\/\/blog.knihovnauk.cz\/index.php\/2023\/10\/02\/hana-bednarova-rudolf-v-knizaludku\/#breadcrumb"},"inLanguage":"cs","potentialAction":[{"@type":"ReadAction","target":["https:\/\/blog.knihovnauk.cz\/index.php\/2023\/10\/02\/hana-bednarova-rudolf-v-knizaludku\/"]}]},{"@type":"ImageObject","inLanguage":"cs","@id":"https:\/\/blog.knihovnauk.cz\/index.php\/2023\/10\/02\/hana-bednarova-rudolf-v-knizaludku\/#primaryimage","url":"https:\/\/blog.knihovnauk.cz\/wp-content\/uploads\/2023\/10\/knizaludek_ilustrace_Bednarova.png","contentUrl":"https:\/\/blog.knihovnauk.cz\/wp-content\/uploads\/2023\/10\/knizaludek_ilustrace_Bednarova.png","width":4161,"height":4681},{"@type":"BreadcrumbList","@id":"https:\/\/blog.knihovnauk.cz\/index.php\/2023\/10\/02\/hana-bednarova-rudolf-v-knizaludku\/#breadcrumb","itemListElement":[{"@type":"ListItem","position":1,"name":"Dom\u016f","item":"https:\/\/blog.svkul.cz\/"},{"@type":"ListItem","position":2,"name":"Hana Bedn\u00e1\u0159ov\u00e1: Rudolf v Kni\u017ealudku (B\u00c1JN\u00c1 KNIHOVNA)"}]},{"@type":"WebSite","@id":"https:\/\/blog.svkul.cz\/#website","url":"https:\/\/blog.svkul.cz\/","name":"Magaz\u00edn Severo\u010desk\u00e9 v\u011bdeck\u00e9 knihovny v \u00dast\u00ed nad Labem","description":"V\u011bnujeme se literatu\u0159e, um\u011bn\u00ed, knih\u00e1m a v\u0161emu, co n\u00e1s bav\u00ed a zaj\u00edm\u00e1.","potentialAction":[{"@type":"SearchAction","target":{"@type":"EntryPoint","urlTemplate":"https:\/\/blog.svkul.cz\/?s={search_term_string}"},"query-input":{"@type":"PropertyValueSpecification","valueRequired":true,"valueName":"search_term_string"}}],"inLanguage":"cs"},{"@type":"Person","@id":"https:\/\/blog.svkul.cz\/#\/schema\/person\/49547581b63594b811ad78a14b4f9079","name":"Akviziter","image":{"@type":"ImageObject","inLanguage":"cs","@id":"https:\/\/blog.svkul.cz\/#\/schema\/person\/image\/","url":"https:\/\/secure.gravatar.com\/avatar\/f42011ae2919fd1888c422331b856a9b?s=96&d=mm&r=g","contentUrl":"https:\/\/secure.gravatar.com\/avatar\/f42011ae2919fd1888c422331b856a9b?s=96&d=mm&r=g","caption":"Akviziter"},"url":"https:\/\/blog.knihovnauk.cz\/index.php\/author\/skoloud\/"}]}},"_links":{"self":[{"href":"https:\/\/blog.knihovnauk.cz\/index.php\/wp-json\/wp\/v2\/posts\/2403","targetHints":{"allow":["GET"]}}],"collection":[{"href":"https:\/\/blog.knihovnauk.cz\/index.php\/wp-json\/wp\/v2\/posts"}],"about":[{"href":"https:\/\/blog.knihovnauk.cz\/index.php\/wp-json\/wp\/v2\/types\/post"}],"author":[{"embeddable":true,"href":"https:\/\/blog.knihovnauk.cz\/index.php\/wp-json\/wp\/v2\/users\/2"}],"replies":[{"embeddable":true,"href":"https:\/\/blog.knihovnauk.cz\/index.php\/wp-json\/wp\/v2\/comments?post=2403"}],"version-history":[{"count":2,"href":"https:\/\/blog.knihovnauk.cz\/index.php\/wp-json\/wp\/v2\/posts\/2403\/revisions"}],"predecessor-version":[{"id":2412,"href":"https:\/\/blog.knihovnauk.cz\/index.php\/wp-json\/wp\/v2\/posts\/2403\/revisions\/2412"}],"wp:featuredmedia":[{"embeddable":true,"href":"https:\/\/blog.knihovnauk.cz\/index.php\/wp-json\/wp\/v2\/media\/2404"}],"wp:attachment":[{"href":"https:\/\/blog.knihovnauk.cz\/index.php\/wp-json\/wp\/v2\/media?parent=2403"}],"wp:term":[{"taxonomy":"category","embeddable":true,"href":"https:\/\/blog.knihovnauk.cz\/index.php\/wp-json\/wp\/v2\/categories?post=2403"},{"taxonomy":"post_tag","embeddable":true,"href":"https:\/\/blog.knihovnauk.cz\/index.php\/wp-json\/wp\/v2\/tags?post=2403"}],"curies":[{"name":"wp","href":"https:\/\/api.w.org\/{rel}","templated":true}]}}