{"id":2413,"date":"2023-10-16T13:20:41","date_gmt":"2023-10-16T11:20:41","guid":{"rendered":"https:\/\/blog.knihovnauk.cz\/?p=2413"},"modified":"2023-10-18T14:33:20","modified_gmt":"2023-10-18T12:33:20","slug":"vaclav-danes-sulinka","status":"publish","type":"post","link":"https:\/\/blog.knihovnauk.cz\/index.php\/2023\/10\/16\/vaclav-danes-sulinka\/","title":{"rendered":"V\u00e1clav Dane\u0161: Sulinka (B\u00c1JN\u00c1 KNIHOVNA)"},"content":{"rendered":"\n<p><strong><em>Pov\u00eddka ze sout\u011b\u017ee &#8222;B\u00e1jn\u00e1 knihovna&#8220;, kter\u00e1 prob\u011bhla pod hlavi\u010dkou Knihovny \u00dasteck\u00e9ho kraje v roce 2023. T\u00e9matem sout\u011b\u017ee byly b\u00e1jn\u00e9 bytosti a stra\u0161idla \u00dasteck\u00e9ho kraje. \u00dakolem bylo napsat kr\u00e1tkou pov\u00eddku, ve kter\u00e9 se objev\u00ed n\u011bjak\u00e1 b\u00e1jn\u00e1 bytost nebo stra\u0161idlo. T\u0159i nejlep\u0161\u00ed pov\u00eddky byly oti\u0161t\u011bny v publikaci B\u00e1jn\u00e1 knihovna, kterou knihovna vydala na podzim 2023.<\/em><\/strong><\/p>\n\n\n\n<p>V dob\u00e1ch m\u00e9ho d\u011btstv\u00ed bylo zvykem na\u0161\u00ed rodiny jezdit na pr\u00e1zdniny na chalupu do Suletic. P\u0159ipadalo mi, \u017ee cesta do t\u00e9to vesni\u010dky, schovan\u00e9 za lesy a za kope\u010dky, trv\u00e1 hodiny. Chyb\u011bj\u00edc\u00ed sign\u00e1l n\u00e1s neomezoval, proto\u017ee n\u00e1pln\u00ed dne bylo pob\u00edh\u00e1n\u00ed venku, lezen\u00ed na stromy a \u0161mejd\u011bn\u00ed po chalup\u011b a po lese. Zam\u011bstnat takov\u00e9 dva dareby, m\u011b a moji sestru, nebyl lehk\u00fd \u00fakol.<\/p>\n\n\n\n<p>Jednoho r\u00e1na jsme se sestrou po cest\u011b do ob\u00fdvac\u00edho pokoje na\u0161li u st\u011bny op\u0159en\u00fd pap\u00edr a \u010dokol\u00e1dov\u00e9 bonbony. Zv\u011bdavost mi nedala a dodnes toho nelituji. P\u00edsmena jsem tehdy \u010detl pomalu a polohlasem, zat\u00edmco sestra u\u017e m\u011bla v puse bonbon a mn\u011b se na n\u011bj sb\u00edhaly sliny.<\/p>\n\n\n\n<p>V dopise st\u00e1lo:<\/p>\n\n\n\n<p>Ahoj mali\u010dc\u00ed lidi\u010dkov\u00e9,<\/p>\n\n\n\n<p>j\u00e1 jsem Sulinka. P\u0159i\u0161la jsem z lesa, kter\u00fd nem\u00e1 jm\u00e9no, a v\u00e1\u0161 d\u016fm se mi moc zal\u00edbil. Bydl\u00edm tu od rozt\u00e1n\u00ed sn\u011bhu a krom\u011b netop\u00fdra, hrstky \u010dervoto\u010d\u016f a plha tu nikdo nebydlel. Nech\u00e1m v\u00e1m tu mal\u00fd d\u00e1rek, aby z n\u00e1s byli dob\u0159\u00ed soused\u00ed\u010dci.<\/p>\n\n\n\n<p>PS: Kdy\u017e mi tu p\u0159ed span\u00edm nech\u00e1te deset vi\u0161n\u00ed, sedm jahod a patn\u00e1ct bobul\u00ed ryb\u00edzu, d\u00e1m v\u00e1m na opl\u00e1tku dal\u0161\u00ed \u010dokol\u00e1du.<\/p>\n\n\n\n<p>Sulinka<\/p>\n\n\n\n<p>Jen co jsem to do\u010detl, dal jsem si svou \u010dokol\u00e1du. Vym\u011bnili jsme si se sestrou pohled a v n\u011bm\u00e9 shod\u011b jsme za\u010dali prohled\u00e1vat chodbu. Venku byla hust\u00e1 studen\u00e1 mlha. Vr\u00e1tili jsme se do pokoj\u00ed\u010dku a tak\u00e9 ho prohledali. P\u0159i hled\u00e1n\u00ed jsme narazili na n\u011bkolik star\u00fdch hra\u010dek, kter\u00e9 odvedly na\u0161i prchavou pozornost, a my zanechali v\u00fdzv\u011bd.<\/p>\n\n\n\n<p>T\u011bsn\u011b p\u0159ed ve\u010de\u0159\u00ed, po n\u00ed\u017e jsme obvykle u\u017e nechodili ven, jsme splnili \u00fakol a nasb\u00edrali plody zahrady a lesa. Sestra ten rok za\u010dala chodit do \u0161koly, tak\u017ee jsem j\u00ed pom\u00e1hal s po\u010d\u00edt\u00e1n\u00edm. Ve\u010der jsem s vidinou sladk\u00e9 odm\u011bny nat\u011b\u0161en\u011b ulehl do postele. M\u016fj sp\u00e1nek byl naru\u0161en \u0165apk\u00e1n\u00edm nad mou hlavou, \u0161lo to z p\u016fdy. I p\u0159es neprostupnou tmu jsem z\u00edral do stropu a odhadoval, kde se zdroj zvuku nach\u00e1z\u00ed. Obrazotvornost pracovala na pln\u00e9 obr\u00e1tky a m\u011b sev\u0159el strach. Schovan\u00fd pod dekou a p\u0159itisknut\u00fd k ply\u0161ov\u00e9mu pejskovi \u0164ap\u00edkovi, jsem usnul.<\/p>\n\n\n\n<p>To r\u00e1no nebyl na\u0161\u00edm c\u00edlem ob\u00fdvac\u00ed pokoj, ale rovnou jsme za\u010dali prohled\u00e1vat chodbu. Nalezen\u00fd pap\u00edr byl o n\u011bco men\u0161\u00ed ne\u017e p\u0159edchoz\u00edho r\u00e1na, ale dv\u011b tabulky \u010dokol\u00e1dy byly v\u011bt\u0161\u00ed odm\u011bnou. Ve vzkazu Sulinka psala o sv\u00e9m nad\u0161en\u00ed z velice dobr\u00fdch plod\u016f a pochvalovala si jejich p\u0159esn\u00fd po\u010det. Dal\u0161\u00edm \u00fakolem byl sb\u011br bylin, jako je m\u00e1ta, kop\u0159iva a kopr. Mnoho z nich jsme si nedok\u00e1zali ani j\u00e1, ani sestra vybavit. Kaj\u00edcn\u011b jsme po\u017e\u00e1dali m\u00e1mu o radu a p\u0159iznali na\u0161e mal\u00e9 tajemstv\u00ed. M\u00e1ma n\u00e1m p\u016fj\u010dila malou knihu o bylink\u00e1ch. Dlouhou dobu jsme mezi pestrobarevn\u00fdmi ilustracemi listovali, ne\u017e jsme opravdu za\u010dali hledat bylinky pro Sulinku. Cel\u00e9 dopoledne jsme pak str\u00e1vili na zahrad\u011b a ve sb\u00edr\u00e1n\u00ed jsme pokra\u010dovali i na rodinn\u00e9 proch\u00e1zce lesem s t\u00e1tou a m\u00e1mou. Na\u0161e nad\u0161en\u00ed je p\u0159ekvapilo, a\u017e jsem byl z toho trochu podez\u00edrav\u00fd. Ve\u010der jsme dali na misti\u010dku nasb\u00edran\u00e9 bylinky a \u0161li sp\u00e1t.<\/p>\n\n\n\n<p>Ty pohledy rodi\u010d\u016f mi ale sp\u00e1t nedaly. V moment\u011b, kdy na chodb\u011b zazn\u011bly jak\u00e9si zvuky, jsem se vypl\u00ed\u017eil z postele. Velmi pomalu jsem otev\u0159el, aby panty nevrzaly, a nakra\u010doval jsem jako ko\u010dka. Matn\u00e9 oran\u017eov\u00e9 sv\u011btlo vypl\u0148ovalo jen \u010d\u00e1st chodby, co\u017e bylo neobvykl\u00e9. Pak jsem to uvid\u011bl. Mal\u00e1 hol\u010di\u010dka, oble\u010den\u00e1 v r\u016fzn\u00fdch kusech oble\u010den\u00ed pro panenky nebo mal\u00e9 d\u011bti, nebyla vy\u0161\u0161\u00ed ne\u017e batole, ale vypadala jako oby\u010dejn\u00e1 d\u00edvka. Sv\u011btlo vyd\u00e1vala lucerni\u010dka na ty\u010dce, le\u017e\u00edc\u00ed vedle. Okouzlen t\u00edm pohledem jsem se p\u0159ev\u00e1\u017eil dop\u0159edu a dve\u0159e zavrzaly. Z rohu chodby, kam nedosahovalo sv\u011btlo, se ozvalo divn\u00e9 sy\u010den\u00ed.<\/p>\n\n\n\n<p>Mal\u00e1 v\u00edla se na m\u011b oto\u010dila a se strachem na m\u011b pohl\u00e9dla, strach po chv\u00edli p\u0159e\u0161el v uv\u011bdom\u011bn\u00ed a pak do p\u0159\u00e1telsk\u00e9ho \u00fasm\u011bvu.<\/p>\n\n\n\n<p>\u201eSpi.\u201d<\/p>\n\n\n\n<p>Hlas nebyl d\u011btsk\u00fd, ale ani dosp\u011bl\u00fd, a mn\u011b zt\u011b\u017ekla v\u00ed\u010dka. P\u0159em\u00e1hal jsem se, klesl na kolena a p\u0159idr\u017eoval se kliky dve\u0159\u00ed. Pak nastala tma.<\/p>\n\n\n\n<p>R\u00e1no m\u011b probudila sestra a rann\u00ed slune\u010dn\u00ed svit. Le\u017eel jsem v posteli. Dodnes nedok\u00e1\u017eu \u0159\u00edct, jestli to byl sen, nebo skute\u010dnost. R\u00e1no bylo skoro rutinn\u00ed, sladk\u00e1 odm\u011bna s dopisem a s dal\u0161\u00edm \u00fakolem. Svou p\u0159\u00edhodu jsem vyl\u00ed\u010dil sest\u0159e i rodi\u010d\u016fm, ale nev\u011b\u0159ili mi. Musel jsem uznat, \u017ee se Sulinka o n\u00e1\u0161 d\u016fm i zahradu star\u00e1 s d\u016fslednost\u00ed a l\u00e1skou. Kdy\u017e byla n\u011bkde rozdrolen\u00e1 om\u00edtka, hned tam zasychal nov\u00fd n\u00e1t\u011br, d\u0159ev\u011bn\u00fd plot, kter\u00fd p\u0159i na\u0161em p\u0159\u00edjezdu chytal mechov\u011b zelenou, byl najednou kr\u00e1sn\u011b nov\u011b nat\u0159en\u00fd. Pomyslel jsem si, \u017ee je sp\u00ed\u0161e hospod\u00e1\u0159\u00ed\u010dek a za odm\u011bny n\u00e1m udr\u017euje chaloupku.<\/p>\n\n\n\n<p>\u00dakolem toho dne bylo upl\u00e9st mal\u00fd v\u011bnec z pampeli\u0161ek a sundat ze stromu zapomenut\u00e9 lano na lezen\u00ed. Sestra nelezla po stromech tolik co j\u00e1, ale um\u011bla pl\u00e9st. Ka\u017ed\u00fd jsme tedy ud\u011blali, co n\u00e1m \u0161lo l\u00e9pe, a den utekl jako voda. S noc\u00ed p\u0159i\u0161el strach a vrtkav\u00e9 nutk\u00e1n\u00ed zv\u011bdavosti. Sk\u0159\u00edp\u00e1n\u00ed d\u0159eva, \u0165apkav\u00e9 kroky z p\u016fdy, cvrkot kobylek a cvr\u010dk\u016f. S b\u00e1zn\u00ed na ty dny i noci vzpom\u00edn\u00e1m. Usnul jsem, ani nev\u00edm kdy.<\/p>\n\n\n\n<p>R\u00e1no jsem sp\u011bchal do chodby a na\u0161el tam bonbony a dal\u0161\u00ed pap\u00edr, tentokr\u00e1t s h\u00e1dankou.<\/p>\n\n\n\n<p>Pod stromem s \u010dernob\u00edl\u00fdm kmenem sp\u00ed kv\u011bt plaziv\u00fd. Tam u kamenn\u00e9 zdi, kde dv\u00ed\u0159ka hal\u00ed vodu, jdi t\u0159i kroky zp\u011bt, odkud jsi p\u0159i\u0161el. Zabo\u0159 ruce do zem\u011b a zbav ji zloby.<\/p>\n\n\n\n<p>Chv\u00edli jsme to lu\u0161tili, a\u017e pak sestru napadlo, \u017ee pobl\u00ed\u017e b\u0159\u00edzy a studny je p\u00edskovi\u0161t\u011b. Obl\u00e9kli jsme se a \u0161li ho prohledat. R\u00e1no bylo chladn\u00e9, ale my byli napjat\u00ed. V p\u00edsku ra\u0161il plevel, a tak jsme usoudili, \u017ee to m\u00e1 b\u00fdt to zlo. Vytrhali jsme jej i s ko\u0159\u00ednky.<\/p>\n\n\n\n<p>Po ob\u011bd\u011b jsem se se sestrou poh\u00e1dal o tom, jestli Sulinka opravdu existuje. Moje no\u010dn\u00ed setk\u00e1n\u00ed ji nep\u0159esv\u011bd\u010dilo. Rozhodl jsem se, \u017ee Sulinku zkus\u00edm vyfotit nebo chytit. Ke sv\u00e9 sm\u016fle jsem usnul t\u00e9m\u011b\u0159 okam\u017eit\u011b. Na\u0161tvan\u00fd s\u00e1m na sebe, jsem dal\u0161\u00ed den p\u0159ijal malou odm\u011bnu za svou v\u010derej\u0161\u00ed pr\u00e1ci, ale odm\u00edtl jsem splnit \u00fakol, kter\u00fdm bylo zavla\u017eit kv\u011btiny. Pap\u00edr jsem schoval a sest\u0159e namluvil n\u011bco o voln\u00e9m dni.<\/p>\n\n\n\n<p>Toho dne bylo nesnesiteln\u00e9 horko a chlad uvnit\u0159 chalupy byl neoceniteln\u00fd. Ze star\u00e9 s\u00ed\u0165ovan\u00e9 ta\u0161ky jsem si ud\u011blal chytac\u00ed s\u00ed\u0165 t\u00edm, \u017ee jsem ke kone\u010dk\u016fm p\u0159iv\u00e1zal kam\u00ednky. Bd\u011bl\u00fd a pln\u00fd nedo\u010dkavosti, jsem v noci vy\u0161el z pokoje. Stejn\u00e1 z\u00e1\u0159 jako p\u0159edt\u00edm vykreslovala chodbu, zat\u00edmco zbytek domu se topil v \u010dern\u00e9 tm\u011b. Mal\u00e1 postava se skl\u00e1n\u011bla nad obvykl\u00fdm m\u00edstem, z pohyb\u016f t\u011bla ale byly zn\u00e1t rozpaky, mo\u017en\u00e1 i rozho\u0159\u010den\u00ed. Prudce jsem otev\u0159el dve\u0159e doko\u0159\u00e1n a vrhnul s\u00ed\u0165. Kdy\u017e se dotkla postavy, s\u00ed\u0165 se rozplynula, jako kdy\u017e vm\u017eiku sho\u0159\u00ed pap\u00edr. Kam\u00ednky nesly\u0161n\u011b dopadly na koberec a na m\u011b pohl\u00e9dly \u017elut\u00e9, z\u00e1\u0159iv\u00e9 sov\u00ed o\u010di. Sov\u00ed mi p\u0159ipadaly kv\u016fli nep\u0159irozen\u00e9 moudrosti, kter\u00e1 z nich \u010di\u0161ela, ale nebyly to o\u010di star\u00e9ho \u010dlov\u011bka. Na z\u00e1dech mi vysko\u010dily kapi\u010dky studen\u00e9ho potu, t\u011blo ztuhlo a dech se mi zpomalil. Ten okam\u017eik trval asi jen n\u011bkolik sekund, ale mn\u011b to p\u0159i\u0161lo jako cel\u00e1 v\u011b\u010dnost.<\/p>\n\n\n\n<p>\u201eCo \u0161patn\u00e9ho jsem v\u00e1m ud\u011blala? Hr\u00e1la jsem si s v\u00e1mi, udr\u017eovala va\u0161e obydl\u00ed. Opravdu jste tak zka\u017een\u00ed?\u201d<\/p>\n\n\n\n<p>Promluvila divn\u00fdm hlasem a j\u00e1 jen zt\u011b\u017eka polknul. Vysko\u010dila na ko\u010dku \u010dern\u011bj\u0161\u00ed ne\u017e st\u00edn a pohl\u00e9dla na m\u011b vy\u010d\u00edtav\u00fdm a zklaman\u00fdm pohledem. St\u00e1l jsem tam, ani nev\u00edm jak dlouho. Tma mi v tu chv\u00edli nenah\u00e1n\u011bla strach, b\u00e1l jsem se, \u017ee p\u0159ijde to jej\u00ed sv\u011btlo. Ten pohled sov\u00edch o\u010d\u00ed jsem n\u011bkolik dal\u0161\u00edch let nemohl vyhnat z mysli. Sp\u00e1nek m\u00e1m m\u011blk\u00fd a tuhne mi krev v \u017eil\u00e1ch, kdy\u017e sly\u0161\u00edm divn\u00e9 zvuky.<\/p>\n\n\n\n<p>Od t\u00e9 doby se neobjevil \u017e\u00e1dn\u00fd dal\u0161\u00ed pap\u00edr ani odm\u011bna a na chalup\u011b se podepsal zub \u010dasu. U\u017e \u017e\u00e1dn\u00fd hospod\u00e1\u0159\u00ed\u010dek. Proto varuji ka\u017ed\u00e9ho, kdo si cen\u00ed sv\u00e9 p\u0159\u00ed\u010detnosti a sv\u00e9ho sp\u00e1nku: nepokou\u0161ejte s\u00edly, kter\u00fdm nerozum\u00edte. Proto\u017ee i u v\u00e1s m\u016f\u017ee p\u0159eb\u00fdvat n\u011bjak\u00e1 podobn\u00e1 bytost a v\u011bzte, \u017ee dok\u00e1\u017ee stejn\u011b tak pomoci, jako u\u0161kodit.<\/p>\n","protected":false},"excerpt":{"rendered":"<p>Pov\u00eddka ze sout\u011b\u017ee &#8222;B\u00e1jn\u00e1 knihovna&#8220;, kter\u00e1 prob\u011bhla pod hlavi\u010dkou Knihovny \u00dasteck\u00e9ho kraje v roce 2023. T\u00e9matem sout\u011b\u017ee byly b\u00e1jn\u00e9 bytosti a stra\u0161idla \u00dasteck\u00e9ho kraje. \u00dakolem bylo napsat kr\u00e1tkou pov\u00eddku, ve kter\u00e9 se objev\u00ed n\u011bjak\u00e1 b\u00e1jn\u00e1 bytost nebo stra\u0161idlo. T\u0159i nejlep\u0161\u00ed pov\u00eddky byly oti\u0161t\u011bny v publikaci B\u00e1jn\u00e1 knihovna, kterou knihovna vydala na podzim 2023. V dob\u00e1ch [&hellip;]<\/p>\n","protected":false},"author":2,"featured_media":2414,"comment_status":"open","ping_status":"open","sticky":false,"template":"","format":"standard","meta":{"_monsterinsights_skip_tracking":false,"_monsterinsights_sitenote_active":false,"_monsterinsights_sitenote_note":"","_monsterinsights_sitenote_category":0,"footnotes":""},"categories":[329],"tags":[],"class_list":["post-2413","post","type-post","status-publish","format-standard","has-post-thumbnail","hentry","category-bajna-knihovna"],"yoast_head":"<!-- This site is optimized with the Yoast SEO plugin v24.8.1 - https:\/\/yoast.com\/wordpress\/plugins\/seo\/ -->\n<title>V\u00e1clav Dane\u0161: Sulinka (B\u00c1JN\u00c1 KNIHOVNA) - Magaz\u00edn Knihovny \u00dasteck\u00e9ho kraje<\/title>\n<meta name=\"robots\" content=\"index, follow, max-snippet:-1, max-image-preview:large, max-video-preview:-1\" \/>\n<link rel=\"canonical\" href=\"https:\/\/blog.knihovnauk.cz\/index.php\/2023\/10\/16\/vaclav-danes-sulinka\/\" \/>\n<meta property=\"og:locale\" content=\"cs_CZ\" \/>\n<meta property=\"og:type\" content=\"article\" \/>\n<meta property=\"og:title\" content=\"V\u00e1clav Dane\u0161: Sulinka (B\u00c1JN\u00c1 KNIHOVNA) - Magaz\u00edn Knihovny \u00dasteck\u00e9ho kraje\" \/>\n<meta property=\"og:description\" content=\"Pov\u00eddka ze sout\u011b\u017ee &#8222;B\u00e1jn\u00e1 knihovna&#8220;, kter\u00e1 prob\u011bhla pod hlavi\u010dkou Knihovny \u00dasteck\u00e9ho kraje v roce 2023. T\u00e9matem sout\u011b\u017ee byly b\u00e1jn\u00e9 bytosti a stra\u0161idla \u00dasteck\u00e9ho kraje. \u00dakolem bylo napsat kr\u00e1tkou pov\u00eddku, ve kter\u00e9 se objev\u00ed n\u011bjak\u00e1 b\u00e1jn\u00e1 bytost nebo stra\u0161idlo. T\u0159i nejlep\u0161\u00ed pov\u00eddky byly oti\u0161t\u011bny v publikaci B\u00e1jn\u00e1 knihovna, kterou knihovna vydala na podzim 2023. V dob\u00e1ch [&hellip;]\" \/>\n<meta property=\"og:url\" content=\"https:\/\/blog.knihovnauk.cz\/index.php\/2023\/10\/16\/vaclav-danes-sulinka\/\" \/>\n<meta property=\"og:site_name\" content=\"Magaz\u00edn Knihovny \u00dasteck\u00e9ho kraje\" \/>\n<meta property=\"article:publisher\" content=\"https:\/\/www.facebook.com\/svkusti\" \/>\n<meta property=\"article:published_time\" content=\"2023-10-16T11:20:41+00:00\" \/>\n<meta property=\"article:modified_time\" content=\"2023-10-18T12:33:20+00:00\" \/>\n<meta property=\"og:image\" content=\"https:\/\/blog.knihovnauk.cz\/wp-content\/uploads\/2023\/10\/Magic_forest_3035224978-scaled.jpg\" \/>\n\t<meta property=\"og:image:width\" content=\"2560\" \/>\n\t<meta property=\"og:image:height\" content=\"1714\" \/>\n\t<meta property=\"og:image:type\" content=\"image\/jpeg\" \/>\n<meta name=\"author\" content=\"Akviziter\" \/>\n<meta name=\"twitter:card\" content=\"summary_large_image\" \/>\n<meta name=\"twitter:label1\" content=\"Napsal(a)\" \/>\n\t<meta name=\"twitter:data1\" content=\"Akviziter\" \/>\n\t<meta name=\"twitter:label2\" content=\"Odhadovan\u00e1 doba \u010dten\u00ed\" \/>\n\t<meta name=\"twitter:data2\" content=\"7 minut\" \/>\n<script type=\"application\/ld+json\" class=\"yoast-schema-graph\">{\"@context\":\"https:\/\/schema.org\",\"@graph\":[{\"@type\":\"WebPage\",\"@id\":\"https:\/\/blog.knihovnauk.cz\/index.php\/2023\/10\/16\/vaclav-danes-sulinka\/\",\"url\":\"https:\/\/blog.knihovnauk.cz\/index.php\/2023\/10\/16\/vaclav-danes-sulinka\/\",\"name\":\"V\u00e1clav Dane\u0161: Sulinka (B\u00c1JN\u00c1 KNIHOVNA) - Magaz\u00edn Knihovny \u00dasteck\u00e9ho kraje\",\"isPartOf\":{\"@id\":\"https:\/\/blog.svkul.cz\/#website\"},\"primaryImageOfPage\":{\"@id\":\"https:\/\/blog.knihovnauk.cz\/index.php\/2023\/10\/16\/vaclav-danes-sulinka\/#primaryimage\"},\"image\":{\"@id\":\"https:\/\/blog.knihovnauk.cz\/index.php\/2023\/10\/16\/vaclav-danes-sulinka\/#primaryimage\"},\"thumbnailUrl\":\"https:\/\/blog.knihovnauk.cz\/wp-content\/uploads\/2023\/10\/Magic_forest_3035224978-scaled.jpg\",\"datePublished\":\"2023-10-16T11:20:41+00:00\",\"dateModified\":\"2023-10-18T12:33:20+00:00\",\"author\":{\"@id\":\"https:\/\/blog.svkul.cz\/#\/schema\/person\/49547581b63594b811ad78a14b4f9079\"},\"breadcrumb\":{\"@id\":\"https:\/\/blog.knihovnauk.cz\/index.php\/2023\/10\/16\/vaclav-danes-sulinka\/#breadcrumb\"},\"inLanguage\":\"cs\",\"potentialAction\":[{\"@type\":\"ReadAction\",\"target\":[\"https:\/\/blog.knihovnauk.cz\/index.php\/2023\/10\/16\/vaclav-danes-sulinka\/\"]}]},{\"@type\":\"ImageObject\",\"inLanguage\":\"cs\",\"@id\":\"https:\/\/blog.knihovnauk.cz\/index.php\/2023\/10\/16\/vaclav-danes-sulinka\/#primaryimage\",\"url\":\"https:\/\/blog.knihovnauk.cz\/wp-content\/uploads\/2023\/10\/Magic_forest_3035224978-scaled.jpg\",\"contentUrl\":\"https:\/\/blog.knihovnauk.cz\/wp-content\/uploads\/2023\/10\/Magic_forest_3035224978-scaled.jpg\",\"width\":2560,\"height\":1714},{\"@type\":\"BreadcrumbList\",\"@id\":\"https:\/\/blog.knihovnauk.cz\/index.php\/2023\/10\/16\/vaclav-danes-sulinka\/#breadcrumb\",\"itemListElement\":[{\"@type\":\"ListItem\",\"position\":1,\"name\":\"Dom\u016f\",\"item\":\"https:\/\/blog.svkul.cz\/\"},{\"@type\":\"ListItem\",\"position\":2,\"name\":\"V\u00e1clav Dane\u0161: Sulinka (B\u00c1JN\u00c1 KNIHOVNA)\"}]},{\"@type\":\"WebSite\",\"@id\":\"https:\/\/blog.svkul.cz\/#website\",\"url\":\"https:\/\/blog.svkul.cz\/\",\"name\":\"Magaz\u00edn Severo\u010desk\u00e9 v\u011bdeck\u00e9 knihovny v \u00dast\u00ed nad Labem\",\"description\":\"V\u011bnujeme se literatu\u0159e, um\u011bn\u00ed, knih\u00e1m a v\u0161emu, co n\u00e1s bav\u00ed a zaj\u00edm\u00e1.\",\"potentialAction\":[{\"@type\":\"SearchAction\",\"target\":{\"@type\":\"EntryPoint\",\"urlTemplate\":\"https:\/\/blog.svkul.cz\/?s={search_term_string}\"},\"query-input\":{\"@type\":\"PropertyValueSpecification\",\"valueRequired\":true,\"valueName\":\"search_term_string\"}}],\"inLanguage\":\"cs\"},{\"@type\":\"Person\",\"@id\":\"https:\/\/blog.svkul.cz\/#\/schema\/person\/49547581b63594b811ad78a14b4f9079\",\"name\":\"Akviziter\",\"image\":{\"@type\":\"ImageObject\",\"inLanguage\":\"cs\",\"@id\":\"https:\/\/blog.svkul.cz\/#\/schema\/person\/image\/\",\"url\":\"https:\/\/secure.gravatar.com\/avatar\/f42011ae2919fd1888c422331b856a9b?s=96&d=mm&r=g\",\"contentUrl\":\"https:\/\/secure.gravatar.com\/avatar\/f42011ae2919fd1888c422331b856a9b?s=96&d=mm&r=g\",\"caption\":\"Akviziter\"},\"url\":\"https:\/\/blog.knihovnauk.cz\/index.php\/author\/skoloud\/\"}]}<\/script>\n<!-- \/ Yoast SEO plugin. -->","yoast_head_json":{"title":"V\u00e1clav Dane\u0161: Sulinka (B\u00c1JN\u00c1 KNIHOVNA) - Magaz\u00edn Knihovny \u00dasteck\u00e9ho kraje","robots":{"index":"index","follow":"follow","max-snippet":"max-snippet:-1","max-image-preview":"max-image-preview:large","max-video-preview":"max-video-preview:-1"},"canonical":"https:\/\/blog.knihovnauk.cz\/index.php\/2023\/10\/16\/vaclav-danes-sulinka\/","og_locale":"cs_CZ","og_type":"article","og_title":"V\u00e1clav Dane\u0161: Sulinka (B\u00c1JN\u00c1 KNIHOVNA) - Magaz\u00edn Knihovny \u00dasteck\u00e9ho kraje","og_description":"Pov\u00eddka ze sout\u011b\u017ee &#8222;B\u00e1jn\u00e1 knihovna&#8220;, kter\u00e1 prob\u011bhla pod hlavi\u010dkou Knihovny \u00dasteck\u00e9ho kraje v roce 2023. T\u00e9matem sout\u011b\u017ee byly b\u00e1jn\u00e9 bytosti a stra\u0161idla \u00dasteck\u00e9ho kraje. \u00dakolem bylo napsat kr\u00e1tkou pov\u00eddku, ve kter\u00e9 se objev\u00ed n\u011bjak\u00e1 b\u00e1jn\u00e1 bytost nebo stra\u0161idlo. T\u0159i nejlep\u0161\u00ed pov\u00eddky byly oti\u0161t\u011bny v publikaci B\u00e1jn\u00e1 knihovna, kterou knihovna vydala na podzim 2023. V dob\u00e1ch [&hellip;]","og_url":"https:\/\/blog.knihovnauk.cz\/index.php\/2023\/10\/16\/vaclav-danes-sulinka\/","og_site_name":"Magaz\u00edn Knihovny \u00dasteck\u00e9ho kraje","article_publisher":"https:\/\/www.facebook.com\/svkusti","article_published_time":"2023-10-16T11:20:41+00:00","article_modified_time":"2023-10-18T12:33:20+00:00","og_image":[{"width":2560,"height":1714,"url":"https:\/\/blog.knihovnauk.cz\/wp-content\/uploads\/2023\/10\/Magic_forest_3035224978-scaled.jpg","type":"image\/jpeg"}],"author":"Akviziter","twitter_card":"summary_large_image","twitter_misc":{"Napsal(a)":"Akviziter","Odhadovan\u00e1 doba \u010dten\u00ed":"7 minut"},"schema":{"@context":"https:\/\/schema.org","@graph":[{"@type":"WebPage","@id":"https:\/\/blog.knihovnauk.cz\/index.php\/2023\/10\/16\/vaclav-danes-sulinka\/","url":"https:\/\/blog.knihovnauk.cz\/index.php\/2023\/10\/16\/vaclav-danes-sulinka\/","name":"V\u00e1clav Dane\u0161: Sulinka (B\u00c1JN\u00c1 KNIHOVNA) - Magaz\u00edn Knihovny \u00dasteck\u00e9ho kraje","isPartOf":{"@id":"https:\/\/blog.svkul.cz\/#website"},"primaryImageOfPage":{"@id":"https:\/\/blog.knihovnauk.cz\/index.php\/2023\/10\/16\/vaclav-danes-sulinka\/#primaryimage"},"image":{"@id":"https:\/\/blog.knihovnauk.cz\/index.php\/2023\/10\/16\/vaclav-danes-sulinka\/#primaryimage"},"thumbnailUrl":"https:\/\/blog.knihovnauk.cz\/wp-content\/uploads\/2023\/10\/Magic_forest_3035224978-scaled.jpg","datePublished":"2023-10-16T11:20:41+00:00","dateModified":"2023-10-18T12:33:20+00:00","author":{"@id":"https:\/\/blog.svkul.cz\/#\/schema\/person\/49547581b63594b811ad78a14b4f9079"},"breadcrumb":{"@id":"https:\/\/blog.knihovnauk.cz\/index.php\/2023\/10\/16\/vaclav-danes-sulinka\/#breadcrumb"},"inLanguage":"cs","potentialAction":[{"@type":"ReadAction","target":["https:\/\/blog.knihovnauk.cz\/index.php\/2023\/10\/16\/vaclav-danes-sulinka\/"]}]},{"@type":"ImageObject","inLanguage":"cs","@id":"https:\/\/blog.knihovnauk.cz\/index.php\/2023\/10\/16\/vaclav-danes-sulinka\/#primaryimage","url":"https:\/\/blog.knihovnauk.cz\/wp-content\/uploads\/2023\/10\/Magic_forest_3035224978-scaled.jpg","contentUrl":"https:\/\/blog.knihovnauk.cz\/wp-content\/uploads\/2023\/10\/Magic_forest_3035224978-scaled.jpg","width":2560,"height":1714},{"@type":"BreadcrumbList","@id":"https:\/\/blog.knihovnauk.cz\/index.php\/2023\/10\/16\/vaclav-danes-sulinka\/#breadcrumb","itemListElement":[{"@type":"ListItem","position":1,"name":"Dom\u016f","item":"https:\/\/blog.svkul.cz\/"},{"@type":"ListItem","position":2,"name":"V\u00e1clav Dane\u0161: Sulinka (B\u00c1JN\u00c1 KNIHOVNA)"}]},{"@type":"WebSite","@id":"https:\/\/blog.svkul.cz\/#website","url":"https:\/\/blog.svkul.cz\/","name":"Magaz\u00edn Severo\u010desk\u00e9 v\u011bdeck\u00e9 knihovny v \u00dast\u00ed nad Labem","description":"V\u011bnujeme se literatu\u0159e, um\u011bn\u00ed, knih\u00e1m a v\u0161emu, co n\u00e1s bav\u00ed a zaj\u00edm\u00e1.","potentialAction":[{"@type":"SearchAction","target":{"@type":"EntryPoint","urlTemplate":"https:\/\/blog.svkul.cz\/?s={search_term_string}"},"query-input":{"@type":"PropertyValueSpecification","valueRequired":true,"valueName":"search_term_string"}}],"inLanguage":"cs"},{"@type":"Person","@id":"https:\/\/blog.svkul.cz\/#\/schema\/person\/49547581b63594b811ad78a14b4f9079","name":"Akviziter","image":{"@type":"ImageObject","inLanguage":"cs","@id":"https:\/\/blog.svkul.cz\/#\/schema\/person\/image\/","url":"https:\/\/secure.gravatar.com\/avatar\/f42011ae2919fd1888c422331b856a9b?s=96&d=mm&r=g","contentUrl":"https:\/\/secure.gravatar.com\/avatar\/f42011ae2919fd1888c422331b856a9b?s=96&d=mm&r=g","caption":"Akviziter"},"url":"https:\/\/blog.knihovnauk.cz\/index.php\/author\/skoloud\/"}]}},"_links":{"self":[{"href":"https:\/\/blog.knihovnauk.cz\/index.php\/wp-json\/wp\/v2\/posts\/2413","targetHints":{"allow":["GET"]}}],"collection":[{"href":"https:\/\/blog.knihovnauk.cz\/index.php\/wp-json\/wp\/v2\/posts"}],"about":[{"href":"https:\/\/blog.knihovnauk.cz\/index.php\/wp-json\/wp\/v2\/types\/post"}],"author":[{"embeddable":true,"href":"https:\/\/blog.knihovnauk.cz\/index.php\/wp-json\/wp\/v2\/users\/2"}],"replies":[{"embeddable":true,"href":"https:\/\/blog.knihovnauk.cz\/index.php\/wp-json\/wp\/v2\/comments?post=2413"}],"version-history":[{"count":3,"href":"https:\/\/blog.knihovnauk.cz\/index.php\/wp-json\/wp\/v2\/posts\/2413\/revisions"}],"predecessor-version":[{"id":2430,"href":"https:\/\/blog.knihovnauk.cz\/index.php\/wp-json\/wp\/v2\/posts\/2413\/revisions\/2430"}],"wp:featuredmedia":[{"embeddable":true,"href":"https:\/\/blog.knihovnauk.cz\/index.php\/wp-json\/wp\/v2\/media\/2414"}],"wp:attachment":[{"href":"https:\/\/blog.knihovnauk.cz\/index.php\/wp-json\/wp\/v2\/media?parent=2413"}],"wp:term":[{"taxonomy":"category","embeddable":true,"href":"https:\/\/blog.knihovnauk.cz\/index.php\/wp-json\/wp\/v2\/categories?post=2413"},{"taxonomy":"post_tag","embeddable":true,"href":"https:\/\/blog.knihovnauk.cz\/index.php\/wp-json\/wp\/v2\/tags?post=2413"}],"curies":[{"name":"wp","href":"https:\/\/api.w.org\/{rel}","templated":true}]}}