{"id":2431,"date":"2023-10-30T09:00:00","date_gmt":"2023-10-30T08:00:00","guid":{"rendered":"https:\/\/blog.knihovnauk.cz\/?p=2431"},"modified":"2023-10-25T09:25:08","modified_gmt":"2023-10-25T07:25:08","slug":"ondrej-dolezal-o-pokladu-a-skotske-bajna-knihovna","status":"publish","type":"post","link":"https:\/\/blog.knihovnauk.cz\/index.php\/2023\/10\/30\/ondrej-dolezal-o-pokladu-a-skotske-bajna-knihovna\/","title":{"rendered":"Ond\u0159ej Dole\u017eal: O pokladu a skotsk\u00e9 (B\u00c1JN\u00c1 KNIHOVNA)"},"content":{"rendered":"\n<p><strong><em>Pov\u00eddka ze sout\u011b\u017ee \u201eB\u00e1jn\u00e1 knihovna\u201c, kter\u00e1 prob\u011bhla pod hlavi\u010dkou Knihovny \u00dasteck\u00e9ho kraje v roce 2023. T\u00e9matem sout\u011b\u017ee byly b\u00e1jn\u00e9 bytosti a stra\u0161idla \u00dasteck\u00e9ho kraje. \u00dakolem bylo napsat kr\u00e1tkou pov\u00eddku, ve kter\u00e9 se objev\u00ed n\u011bjak\u00e1 b\u00e1jn\u00e1 bytost nebo stra\u0161idlo. T\u0159i nejlep\u0161\u00ed pov\u00eddky byly oti\u0161t\u011bny v publikaci B\u00e1jn\u00e1 knihovna, kterou knihovna vydala na podzim 2023.<\/em><\/strong><\/p>\n\n\n\n<p>\u201eCo mysl\u00edte, pane kolego, jak velk\u00e9 poklady by se tam tak mohly ukr\u00fdvat?\u201c<\/p>\n\n\n\n<p>\u201eTo je dobr\u00e1 ot\u00e1zka, mil\u00fd kolego. Vid\u011bl bych to tak na hodnotu dvou a\u017e t\u0159\u00ed tuct\u016f vever\u010d\u00edch bobk\u016f.\u201c<\/p>\n\n\n\n<p>\u201eAle no tak, vy tomu v\u00e1\u017en\u011b ani malinko nev\u011b\u0159\u00edte?\u201c<\/p>\n\n\n\n<p>\u201eAle v\u011b\u0159\u00edm, v\u0161ak ty hory odpadk\u016f vid\u00edm a\u017e odsud. Tam v\u00e1m bude poklad\u016f, \u017ee v\u00e1m polezou o\u010di z d\u016flk\u016f\u2026\u201c<\/p>\n\n\n\n<p>\u201eOdlo\u017ete sv\u016fj skeptick\u00fd svrchn\u00edk, pane kolego, opra\u0161te ze sebe pochybnost a otev\u0159ete se nov\u00fdm \u0161anc\u00edm. C\u00edt\u00edm v kostech, \u017ee legendy tentokr\u00e1t nel\u017eou \u2013 bude tam poklad! A \u017ee jak\u00fd!\u201c<\/p>\n\n\n\n<p>\u201eAle jist\u011b, to j\u00e1 bych si netroufl zpochyb\u0148ovat. Takov\u00e1 legenda, to\u0165 p\u0159ece nej\u010dist\u0161\u00ed a nejjasn\u011bj\u0161\u00ed zdroj informac\u00ed. A chra\u0148 m\u011b v\u0161elik\u00e1 verbe\u017e, abych se snad ofr\u0148oval nad na\u0161\u00edm nedosti\u017en\u00fdm inform\u00e1torem \u2013 sle\u010dnou Ztracenou. J\u00e1 v\u00edm, n\u011bkte\u0159\u00ed o n\u00ed \u0159\u00edk\u00e1vaj\u00ed \u201enomen omen\u201c, ale kdo by tyhle zl\u00e9 jazyky poslouchal, \u017ee? Ta, kdy\u017e mluv\u00ed, to jenom \u010dir\u00e1 pravda odkap\u00e1v\u00e1.\u201c<\/p>\n\n\n\n<p>\u201ePosly\u0161te, pane kolego, j\u00e1 m\u00e1m z v\u00e1s takov\u00fd dojem, \u017ee ironiz\u00edrujete!\u201c<\/p>\n\n\n\n<p>\u201eJ\u00e1? Ale co v\u00e1s nem\u00e1! J\u00e1 v\u00e1m jen cht\u011bl drobn\u011b nazna\u010dit, \u017ee by ten poklad prost\u011b mohl b\u00fdt jina\u010d\u00edho naturelu, ne\u017e byste \u010dekal.\u201c<\/p>\n\n\n\n<p>\u201eHmm, mo\u017en\u00e1 m\u00e1te v n\u011b\u010dem pravdu, ale v j\u00e1dru si za tou v\u00fdpravou stoj\u00edm. \u0158\u00edk\u00e1m v\u00e1m, u\u017e to c\u00edt\u00edm v nose, \u017ee nep\u0159ijdeme s pr\u00e1zdnou.\u201c<\/p>\n\n\n\n<p>\u201eA nec\u00edt\u00edte tam sp\u00ed\u0161 ty vever\u010d\u00ed bobky? J\u00e1 jen, \u017ee na jednom sed\u00edte\u2026\u201c<\/p>\n\n\n\n<p>\u201eZatracen\u011b, to jste nemohl \u0159\u00edci d\u0159\u00edv? \u2026no, to je jedno. I p\u0159es va\u0161i ned\u016fv\u011bru v na\u0161i v\u00fdpravu st\u00e1le o\u010dek\u00e1v\u00e1m, \u017ee m\u011b doprovod\u00edte a nenech\u00e1te m\u011b na pospas div\u00fdm \u017eivl\u016fm z \u00fadol\u00ed.\u201c<\/p>\n\n\n\n<p>\u201eAle jist\u011b, pane kolego, to v\u00edte, \u017ee ano. A dokonce tak neu\u010din\u00edm jen z pouh\u00e9ho na\u0161eho p\u0159\u00e1telstv\u00ed. Jsem toti\u017e nadm\u00edru zv\u011bdav, jestli si budete muset vysta\u010dit jen s kel\u00edmky od jogurt\u016f, anebo se na v\u00e1s usm\u011bje \u0161t\u011bst\u00ed a odnesete si z na\u0161eho dobrodru\u017estv\u00ed i po\u0159\u00e1dn\u00fd d\u011brav\u00fd \u0161krp\u00e1l!\u201c<\/p>\n\n\n\n<p>\u201eTo v\u00e1s p\u0159es v\u0161echno to va\u0161e upejp\u00e1n\u00ed p\u0159ece jen \u0161lecht\u00ed. Jinak u\u017e bych v\u00e1s snad musel obvinit z toho, \u017ee m\u00e1te strach.\u201c<\/p>\n\n\n\n<p>\u201eJ\u00e1? Ale co v\u00e1s nem\u00e1, to jste m\u011b jenom \u0161patn\u011b pochopil. J\u00e1 tehd\u00e1 nazna\u010doval, \u017ee kdybychom se n\u011bjak\u00e9ho toho jm\u011bn\u00ed p\u0159ece jen ujali, mohlo by se to t\u011bch bytost\u00ed nelib\u011b dotknout a mohly by si p\u0159ij\u00edt vz\u00edt zp\u011bt, co jim n\u00e1le\u017e\u00ed. A zabavit n\u00e1m toho t\u0159eba dvojn\u00e1sob!\u201c<\/p>\n\n\n\n<p>\u201eA dvojn\u00e1sob \u010deho p\u0159esn\u011b, pros\u00edm v\u00e1s? V\u0161ak tu ni\u010d\u00edm krom t\u011bch bobk\u016f ani neopl\u00fdv\u00e1me.\u201c<\/p>\n\n\n\n<p>\u201eTo je taky pravda\u2026 bod pro v\u00e1s!\u201c<\/p>\n\n\n\n<p>Zat\u00edmco si oba dobrodruzi t\u0159\u00edbili n\u00e1zory na pl\u00e1novanou ko\u0159istnou v\u00fdpravu, do \u00fadol\u00ed Plou\u010dnice se pomalu vkradla tma, a tak seznali, \u017ee je ji\u017e na \u010dase. Z \u00fabo\u010d\u00ed vrchu, podp\u00edraj\u00edc\u00edho nyn\u00ed ji\u017e jen ruiny hradu Ostr\u00fd, vyrazili r\u00e1zn\u00fdm krokem, alespo\u0148 tedy takov\u00fdm, jak\u00fd jim jejich no\u017eky dovolily. Prvn\u00ed \u0161el v\u016fdce v\u00fdpravy \u2013 Me\u0161ij, vysok\u00fd jako dob\u0159e urostl\u00e1 smrkov\u00e1 \u0161i\u0161ka, v klobou\u010dku a v od\u011bn\u00ed ze \u010dty\u0159iadvacatera druh\u016f mech\u016f, s tv\u00e1\u0159\u00ed porostlou plon\u00edkem, sotva rozeznateln\u00fd od okoln\u00edho mechov\u00e9ho porostu, a za n\u00edm o mod\u0159\u00ednovou \u0161i\u0161ku ni\u017e\u0161\u00ed Li\u0161ij, v apartn\u00edm kab\u00e1tku z pukl\u00e9\u0159ky, s velkou n\u016f\u0161\u00ed na potenci\u00e1ln\u00ed poklad, u\u0161itou z provazovky, a s bujn\u00fdm porostem dutohl\u00e1vky na hlav\u011b m\u00edsto slam\u00e1ku. Oba si vykra\u010dovali, vyzbrojeni krump\u00e1\u010dkem, respektive lopatkou, vyroben\u00fdmi ad hoc z bukov\u00e9ho ro\u0161t\u00ed, doufaj\u00edce, \u017ee cestou nenaraz\u00ed na n\u011bjakou nerudnou kunu. Dobrodru\u017estv\u00ed nepo\u010dk\u00e1 a \u0161t\u011bst\u00ed p\u0159eje p\u0159ipraven\u00fdm. Je\u0161t\u011b \u017ee za p\u0159\u00edslib desetiprocentn\u00edho pod\u00edlu jim sl\u00edbilo pomoc n\u011bkolik sv\u011btlu\u0161ek.<\/p>\n\n\n\n<p>\u25cc \u25cc \u25cc<\/p>\n\n\n\n<p>\u201eMysl\u00ed\u0161 si, \u017ee jsem blbec?\u201c dr\u017eel nasupen\u011b V\u00e1clav Tom\u00e1\u0161e jednou rukou pod krkem, zat\u00edmco v druh\u00e9 v\u00fdhru\u017en\u011b nap\u0159ahoval zednickou l\u017e\u00edci.<\/p>\n\n\n\n<p>\u201eNe, Va\u0161ku, fakt ne, p\u0159\u00edsah\u00e1m, \u017ee nekec\u00e1m!\u201c sypal ze sebe vyd\u011b\u0161en\u011b Tom\u00e1\u0161, \u201estalo se to naprosto p\u0159esn\u011b tak, jak \u0159\u00edk\u00e1m \u2013 v\u010dera jsem si to po druh\u00fd razil z hospody, a co nevid\u00edm, dva pidi\u017ev\u00edci si to \u0161tr\u00e1dovali po cest\u011b nahoru k hradu. Zp\u00edvali si jak nalit\u00fd a kolem nich krou\u017eily sv\u011btlu\u0161ky. To bys jakt\u011b\u017eiv nevymyslel, kdybys to nevid\u011bl. No p\u0159ece bych ti nekecal!\u201c<\/p>\n\n\n\n<p>\u201eTak\u017ee jsi potkal cestou z hospody dva sk\u0159\u00edtky a ty t\u011b dovedli k pokladu, to se mi tu sna\u017e\u00ed\u0161 nakecat, jo? A nebyl ten poklad tak n\u00e1hodou v moj\u00ed k\u016fln\u011b?!\u201c sup\u011bl V\u00e1clav.<\/p>\n\n\n\n<p>\u201eNe, v\u0161ak ti to \u0159\u00edk\u00e1m, \u0161tr\u00e1dovali si to nahoru k hradu, tak jsem je chv\u00edli sledoval. V\u016fbec nevn\u00edmali, co se d\u011bje kolem, a kdy\u017e dorazili na str\u00e1\u0148 p\u0159\u00edmo pod hradem, vykopali d\u00edru a to n\u011bco, co t\u00e1hli s sebou, do n\u00ed hodili a pak se n\u011bkam odpot\u00e1celi. Chv\u00edli jsem \u010dekal, a kdy\u017e byl v\u0161ude klid, \u0161el jsem to vykopat. No a hele ho, poklad. Hned jak jsem ho t\u011bm sk\u0159et\u016fm \u010dmajznul, vzal jsem do zaje\u010d\u00edch. Doslova, proto\u017ee jsem v t\u00e9 tm\u011b zakopl o ko\u0159en, skoulel jsem se do p\u016fli kopce a vymetl tak p\u011bt hromad bobk\u016f. V\u0161ak se koukni, \u017ee nekec\u00e1m!\u201c za\u010dal Tom\u00e1\u0161 na svou obhajobu ze sebe, \u010di sp\u00ed\u0161 tentokr\u00e1t ze sv\u00fdch kapes, krom vysv\u011btlen\u00ed sypat demonstrativn\u011b i bobky lesn\u00ed zv\u011b\u0159e.<\/p>\n\n\n\n<p>\u201eTak hele, j\u00e1 nejsem v\u010derej\u0161\u00ed,\u201c rozl\u00edcen\u011b zabo\u0159il V\u00e1clav Tom\u00e1\u0161ovi \u0161pi\u010dku zednick\u00e9 l\u017e\u00edce pod nos, \u201etys prost\u011b v\u010dera nas\u00e1val jak D\u00e1n a pak ti v t\u00fd tv\u00fd palici p\u0159i\u0161lo jako dobrej n\u00e1pad j\u00edt se pod\u00edvat do m\u00fd k\u016flny, jestli tam nem\u00e1m n\u00e1hodou n\u011bjak\u00fd fajnov\u00fd pit\u00ed. A kdy\u017e u\u017e jsi tam byl, tak jsi zmer\u010dil moji kasu s kov\u00e1kama a pobral jsi je taky. A proto\u017ee m\u00e1\u0161 mozkovejch bun\u011bk jak ministr pro m\u00edstn\u00ed rozvoj, hned ses s t\u00edm r\u00e1no b\u011b\u017eel pochlubit do s\u00e1mo\u0161ky a nenapadlo t\u011b, \u017ee se mi bude\u0161 moj\u00ed kasou chlubit do ksichtu. A j\u00e1 ti te\u010fka n\u011bco \u0159eknu. Prachy jsi p\u0159ines zp\u00e1tky. Za to, jak jsi mi tehdy pomoh se seka\u010dkou, to nech\u00e1m bejt, ale to, \u017ee jsi mi vypil tu patn\u00e1ctiletou skotskou od br\u00e1chy, to ti jen tak neodpust\u00edm! Tak\u017ee te\u010f si jdi je\u0161t\u011b prospat tu svou vykalenou kebuli a do dvou tejdn\u016f chci od tebe adekv\u00e1tn\u00ed n\u00e1hradu v alkoholu! A te\u010f mazej!\u201c \u0161vihnul Tom\u00e1\u0161em do \u0161karpy.<\/p>\n\n\n\n<p>\u201eAle Va\u0161ku! J\u00e1 ti fakt nekec\u00e1m!\u201c<\/p>\n\n\n\n<p>\u201eJe\u0161t\u011b jednou, je\u0161t\u011b jednou mi bude\u0161 tvrdit, \u017ee mi chod\u011bj trpasl\u00edci na skotskou a drob\u00e1ky, a p\u0159\u00edsah\u00e1m, \u017ee ti tuhle l\u017e\u00edci narvu do zadku!\u201c v\u00fdhru\u017en\u011b za\u0159val V\u00e1clav a pr\u00e1sknul za sebou dve\u0159mi.<\/p>\n\n\n\n<p>\u25cc \u25cc \u25cc<\/p>\n\n\n\n<p>\u201eOjojoj, to byl n\u00e1pad, p\u00edt ten utrejch!\u201c na\u0159\u00edkal Me\u0161ij a tahal se za sv\u00e9 mechov\u00e9 kade\u0159e.<\/p>\n\n\n\n<p>\u201eJ\u00e1 v\u00e1s nenutil! V\u0161ak jste si s\u00e1m liboval, \u017ee v tom c\u00edt\u00edte nejm\u00e9n\u011b t\u0159in\u00e1ct r\u016fzn\u00fdch mech\u016f.\u201c<\/p>\n\n\n\n<p>\u201eTo jsem taky cejtil,\u201c vycedil ze sebe Me\u0161ij a \u0159\u00edhnul si, \u201ea te\u010f jich cejt\u00edm nejm\u00e9n\u011b patn\u00e1ct, ale jak jsem m\u011bl tu\u0161it, co to s n\u00e1mi ud\u011bl\u00e1? V\u0161ak jste tvrdil, \u017ee to nebude o moc jina\u010d\u00ed ne\u017e pivo!\u201c<\/p>\n\n\n\n<p>\u201eNo, i mistr Li\u0161ij se ob\u010das utne!\u201c soukal ze sebe li\u0161ejn\u00edkov\u00fd drobek a pot\u00e1cel se pomalu po svahu, \u201eale berte to z t\u00e9 lep\u0161\u00ed str\u00e1nky \u2013 vy jste pravdu m\u011bl a poklad jsme skute\u010dn\u011b na\u0161li. Jak kovov\u00fd, tak tekut\u00fd.\u201c<\/p>\n\n\n\n<p>\u201eNev\u00edm, jestli bych tu pekelnou vodu ozna\u010dil za poklad, ale p\u0159inejmen\u0161\u00edm jeden poklad jsme na\u0161li, p\u0159\u00edteli. Te\u010f mi pomozte vymyslet, jak ho vyu\u017eijeme.\u201c<\/p>\n\n\n\n<p>\u201eOb\u00e1v\u00e1m se, \u017ee nijak, pane kolego,\u201c odv\u011btil pomalu Li\u0161ij, \u201ezd\u00e1 se, \u017ee jste m\u011bl pravdu nejen vy s pokladem, ale \u017eel i j\u00e1 s riziky. Ta \u00fadoln\u00ed stvo\u0159en\u00ed n\u00e1m nez\u016fstala nic dlu\u017ena, a zat\u00edmco jsme vysp\u00e1vali, vzala si sv\u016fj poklad zp\u011bt. A v\u00edte, co m\u011b d\u011bs\u00ed nejv\u00edc? \u017de v\u00e1\u017en\u011b zmizely i ty bobky\u2026\u201c<\/p>\n\n\n\n<p>Vyjeven\u00fd Me\u0161ij se p\u0159es \u0161ok a kocovinu nezmohl na slovo.<\/p>\n\n\n\n<p>\u201eA v\u00edte, co si mysl\u00edm, pane kolego?\u201c pravil pon\u011bkud zkrou\u0161en\u011b Li\u0161ij, koukaje na pr\u00e1zdnou lahev od skotsk\u00e9. \u201e\u017de bychom m\u011bli preventivn\u011b nahradit v\u0161echny \u0161kody a udob\u0159it si je, nebo n\u00e1m z na\u0161eho hradu rozeberou i to m\u00e1lo, co z n\u011bj zbylo. Beztak si tu v\u00fdpravu za franti\u0161kovsk\u00fdm pokladem vymyslela ta bludi\u010dka Ztracen\u00e1, a kdy\u017e te\u010f v r\u00e1mci pracovn\u00ed smlouvy l\u00e1k\u00e1 opilce do obchodu s fajnov\u00fdm alkoholem, ur\u010dit\u011b bude i v\u011bd\u011bt, kde sehnat novou lahev. Nech\u00e1me jim ji v noci na prahu, to by mohlo sta\u010dit, abychom je uklidnili. Ka\u017ed\u00e9mu, co jeho jest!\u201c<\/p>\n","protected":false},"excerpt":{"rendered":"<p>Pov\u00eddka ze sout\u011b\u017ee \u201eB\u00e1jn\u00e1 knihovna\u201c, kter\u00e1 prob\u011bhla pod hlavi\u010dkou Knihovny \u00dasteck\u00e9ho kraje v roce 2023. T\u00e9matem sout\u011b\u017ee byly b\u00e1jn\u00e9 bytosti a stra\u0161idla \u00dasteck\u00e9ho kraje. \u00dakolem bylo napsat kr\u00e1tkou pov\u00eddku, ve kter\u00e9 se objev\u00ed n\u011bjak\u00e1 b\u00e1jn\u00e1 bytost nebo stra\u0161idlo. T\u0159i nejlep\u0161\u00ed pov\u00eddky byly oti\u0161t\u011bny v publikaci B\u00e1jn\u00e1 knihovna, kterou knihovna vydala na podzim 2023. \u201eCo mysl\u00edte, [&hellip;]<\/p>\n","protected":false},"author":2,"featured_media":2433,"comment_status":"open","ping_status":"open","sticky":false,"template":"","format":"standard","meta":{"_monsterinsights_skip_tracking":false,"_monsterinsights_sitenote_active":false,"_monsterinsights_sitenote_note":"","_monsterinsights_sitenote_category":0,"footnotes":""},"categories":[329,1],"tags":[],"class_list":["post-2431","post","type-post","status-publish","format-standard","has-post-thumbnail","hentry","category-bajna-knihovna","category-nezarazene"],"yoast_head":"<!-- This site is optimized with the Yoast SEO plugin v24.8.1 - https:\/\/yoast.com\/wordpress\/plugins\/seo\/ -->\n<title>Ond\u0159ej Dole\u017eal: O pokladu a skotsk\u00e9 (B\u00c1JN\u00c1 KNIHOVNA) - Magaz\u00edn Knihovny \u00dasteck\u00e9ho kraje<\/title>\n<meta name=\"robots\" content=\"index, follow, max-snippet:-1, max-image-preview:large, max-video-preview:-1\" \/>\n<link rel=\"canonical\" href=\"https:\/\/blog.knihovnauk.cz\/index.php\/2023\/10\/30\/ondrej-dolezal-o-pokladu-a-skotske-bajna-knihovna\/\" \/>\n<meta property=\"og:locale\" content=\"cs_CZ\" \/>\n<meta property=\"og:type\" content=\"article\" \/>\n<meta property=\"og:title\" content=\"Ond\u0159ej Dole\u017eal: O pokladu a skotsk\u00e9 (B\u00c1JN\u00c1 KNIHOVNA) - Magaz\u00edn Knihovny \u00dasteck\u00e9ho kraje\" \/>\n<meta property=\"og:description\" content=\"Pov\u00eddka ze sout\u011b\u017ee \u201eB\u00e1jn\u00e1 knihovna\u201c, kter\u00e1 prob\u011bhla pod hlavi\u010dkou Knihovny \u00dasteck\u00e9ho kraje v roce 2023. T\u00e9matem sout\u011b\u017ee byly b\u00e1jn\u00e9 bytosti a stra\u0161idla \u00dasteck\u00e9ho kraje. \u00dakolem bylo napsat kr\u00e1tkou pov\u00eddku, ve kter\u00e9 se objev\u00ed n\u011bjak\u00e1 b\u00e1jn\u00e1 bytost nebo stra\u0161idlo. T\u0159i nejlep\u0161\u00ed pov\u00eddky byly oti\u0161t\u011bny v publikaci B\u00e1jn\u00e1 knihovna, kterou knihovna vydala na podzim 2023. \u201eCo mysl\u00edte, [&hellip;]\" \/>\n<meta property=\"og:url\" content=\"https:\/\/blog.knihovnauk.cz\/index.php\/2023\/10\/30\/ondrej-dolezal-o-pokladu-a-skotske-bajna-knihovna\/\" \/>\n<meta property=\"og:site_name\" content=\"Magaz\u00edn Knihovny \u00dasteck\u00e9ho kraje\" \/>\n<meta property=\"article:publisher\" content=\"https:\/\/www.facebook.com\/svkusti\" \/>\n<meta property=\"article:published_time\" content=\"2023-10-30T08:00:00+00:00\" \/>\n<meta property=\"og:image\" content=\"https:\/\/blog.knihovnauk.cz\/wp-content\/uploads\/2023\/10\/ostry-tomas-culka-001.jpg\" \/>\n\t<meta property=\"og:image:width\" content=\"1200\" \/>\n\t<meta property=\"og:image:height\" content=\"485\" \/>\n\t<meta property=\"og:image:type\" content=\"image\/jpeg\" \/>\n<meta name=\"author\" content=\"Akviziter\" \/>\n<meta name=\"twitter:card\" content=\"summary_large_image\" \/>\n<meta name=\"twitter:label1\" content=\"Napsal(a)\" \/>\n\t<meta name=\"twitter:data1\" content=\"Akviziter\" \/>\n\t<meta name=\"twitter:label2\" content=\"Odhadovan\u00e1 doba \u010dten\u00ed\" \/>\n\t<meta name=\"twitter:data2\" content=\"8 minut\" \/>\n<script type=\"application\/ld+json\" class=\"yoast-schema-graph\">{\"@context\":\"https:\/\/schema.org\",\"@graph\":[{\"@type\":\"WebPage\",\"@id\":\"https:\/\/blog.knihovnauk.cz\/index.php\/2023\/10\/30\/ondrej-dolezal-o-pokladu-a-skotske-bajna-knihovna\/\",\"url\":\"https:\/\/blog.knihovnauk.cz\/index.php\/2023\/10\/30\/ondrej-dolezal-o-pokladu-a-skotske-bajna-knihovna\/\",\"name\":\"Ond\u0159ej Dole\u017eal: O pokladu a skotsk\u00e9 (B\u00c1JN\u00c1 KNIHOVNA) - Magaz\u00edn Knihovny \u00dasteck\u00e9ho kraje\",\"isPartOf\":{\"@id\":\"https:\/\/blog.svkul.cz\/#website\"},\"primaryImageOfPage\":{\"@id\":\"https:\/\/blog.knihovnauk.cz\/index.php\/2023\/10\/30\/ondrej-dolezal-o-pokladu-a-skotske-bajna-knihovna\/#primaryimage\"},\"image\":{\"@id\":\"https:\/\/blog.knihovnauk.cz\/index.php\/2023\/10\/30\/ondrej-dolezal-o-pokladu-a-skotske-bajna-knihovna\/#primaryimage\"},\"thumbnailUrl\":\"https:\/\/blog.knihovnauk.cz\/wp-content\/uploads\/2023\/10\/ostry-tomas-culka-001.jpg\",\"datePublished\":\"2023-10-30T08:00:00+00:00\",\"author\":{\"@id\":\"https:\/\/blog.svkul.cz\/#\/schema\/person\/49547581b63594b811ad78a14b4f9079\"},\"breadcrumb\":{\"@id\":\"https:\/\/blog.knihovnauk.cz\/index.php\/2023\/10\/30\/ondrej-dolezal-o-pokladu-a-skotske-bajna-knihovna\/#breadcrumb\"},\"inLanguage\":\"cs\",\"potentialAction\":[{\"@type\":\"ReadAction\",\"target\":[\"https:\/\/blog.knihovnauk.cz\/index.php\/2023\/10\/30\/ondrej-dolezal-o-pokladu-a-skotske-bajna-knihovna\/\"]}]},{\"@type\":\"ImageObject\",\"inLanguage\":\"cs\",\"@id\":\"https:\/\/blog.knihovnauk.cz\/index.php\/2023\/10\/30\/ondrej-dolezal-o-pokladu-a-skotske-bajna-knihovna\/#primaryimage\",\"url\":\"https:\/\/blog.knihovnauk.cz\/wp-content\/uploads\/2023\/10\/ostry-tomas-culka-001.jpg\",\"contentUrl\":\"https:\/\/blog.knihovnauk.cz\/wp-content\/uploads\/2023\/10\/ostry-tomas-culka-001.jpg\",\"width\":1200,\"height\":485},{\"@type\":\"BreadcrumbList\",\"@id\":\"https:\/\/blog.knihovnauk.cz\/index.php\/2023\/10\/30\/ondrej-dolezal-o-pokladu-a-skotske-bajna-knihovna\/#breadcrumb\",\"itemListElement\":[{\"@type\":\"ListItem\",\"position\":1,\"name\":\"Dom\u016f\",\"item\":\"https:\/\/blog.svkul.cz\/\"},{\"@type\":\"ListItem\",\"position\":2,\"name\":\"Ond\u0159ej Dole\u017eal: O pokladu a skotsk\u00e9 (B\u00c1JN\u00c1 KNIHOVNA)\"}]},{\"@type\":\"WebSite\",\"@id\":\"https:\/\/blog.svkul.cz\/#website\",\"url\":\"https:\/\/blog.svkul.cz\/\",\"name\":\"Magaz\u00edn Severo\u010desk\u00e9 v\u011bdeck\u00e9 knihovny v \u00dast\u00ed nad Labem\",\"description\":\"V\u011bnujeme se literatu\u0159e, um\u011bn\u00ed, knih\u00e1m a v\u0161emu, co n\u00e1s bav\u00ed a zaj\u00edm\u00e1.\",\"potentialAction\":[{\"@type\":\"SearchAction\",\"target\":{\"@type\":\"EntryPoint\",\"urlTemplate\":\"https:\/\/blog.svkul.cz\/?s={search_term_string}\"},\"query-input\":{\"@type\":\"PropertyValueSpecification\",\"valueRequired\":true,\"valueName\":\"search_term_string\"}}],\"inLanguage\":\"cs\"},{\"@type\":\"Person\",\"@id\":\"https:\/\/blog.svkul.cz\/#\/schema\/person\/49547581b63594b811ad78a14b4f9079\",\"name\":\"Akviziter\",\"image\":{\"@type\":\"ImageObject\",\"inLanguage\":\"cs\",\"@id\":\"https:\/\/blog.svkul.cz\/#\/schema\/person\/image\/\",\"url\":\"https:\/\/secure.gravatar.com\/avatar\/f42011ae2919fd1888c422331b856a9b?s=96&d=mm&r=g\",\"contentUrl\":\"https:\/\/secure.gravatar.com\/avatar\/f42011ae2919fd1888c422331b856a9b?s=96&d=mm&r=g\",\"caption\":\"Akviziter\"},\"url\":\"https:\/\/blog.knihovnauk.cz\/index.php\/author\/skoloud\/\"}]}<\/script>\n<!-- \/ Yoast SEO plugin. -->","yoast_head_json":{"title":"Ond\u0159ej Dole\u017eal: O pokladu a skotsk\u00e9 (B\u00c1JN\u00c1 KNIHOVNA) - Magaz\u00edn Knihovny \u00dasteck\u00e9ho kraje","robots":{"index":"index","follow":"follow","max-snippet":"max-snippet:-1","max-image-preview":"max-image-preview:large","max-video-preview":"max-video-preview:-1"},"canonical":"https:\/\/blog.knihovnauk.cz\/index.php\/2023\/10\/30\/ondrej-dolezal-o-pokladu-a-skotske-bajna-knihovna\/","og_locale":"cs_CZ","og_type":"article","og_title":"Ond\u0159ej Dole\u017eal: O pokladu a skotsk\u00e9 (B\u00c1JN\u00c1 KNIHOVNA) - Magaz\u00edn Knihovny \u00dasteck\u00e9ho kraje","og_description":"Pov\u00eddka ze sout\u011b\u017ee \u201eB\u00e1jn\u00e1 knihovna\u201c, kter\u00e1 prob\u011bhla pod hlavi\u010dkou Knihovny \u00dasteck\u00e9ho kraje v roce 2023. T\u00e9matem sout\u011b\u017ee byly b\u00e1jn\u00e9 bytosti a stra\u0161idla \u00dasteck\u00e9ho kraje. \u00dakolem bylo napsat kr\u00e1tkou pov\u00eddku, ve kter\u00e9 se objev\u00ed n\u011bjak\u00e1 b\u00e1jn\u00e1 bytost nebo stra\u0161idlo. T\u0159i nejlep\u0161\u00ed pov\u00eddky byly oti\u0161t\u011bny v publikaci B\u00e1jn\u00e1 knihovna, kterou knihovna vydala na podzim 2023. \u201eCo mysl\u00edte, [&hellip;]","og_url":"https:\/\/blog.knihovnauk.cz\/index.php\/2023\/10\/30\/ondrej-dolezal-o-pokladu-a-skotske-bajna-knihovna\/","og_site_name":"Magaz\u00edn Knihovny \u00dasteck\u00e9ho kraje","article_publisher":"https:\/\/www.facebook.com\/svkusti","article_published_time":"2023-10-30T08:00:00+00:00","og_image":[{"width":1200,"height":485,"url":"https:\/\/blog.knihovnauk.cz\/wp-content\/uploads\/2023\/10\/ostry-tomas-culka-001.jpg","type":"image\/jpeg"}],"author":"Akviziter","twitter_card":"summary_large_image","twitter_misc":{"Napsal(a)":"Akviziter","Odhadovan\u00e1 doba \u010dten\u00ed":"8 minut"},"schema":{"@context":"https:\/\/schema.org","@graph":[{"@type":"WebPage","@id":"https:\/\/blog.knihovnauk.cz\/index.php\/2023\/10\/30\/ondrej-dolezal-o-pokladu-a-skotske-bajna-knihovna\/","url":"https:\/\/blog.knihovnauk.cz\/index.php\/2023\/10\/30\/ondrej-dolezal-o-pokladu-a-skotske-bajna-knihovna\/","name":"Ond\u0159ej Dole\u017eal: O pokladu a skotsk\u00e9 (B\u00c1JN\u00c1 KNIHOVNA) - Magaz\u00edn Knihovny \u00dasteck\u00e9ho kraje","isPartOf":{"@id":"https:\/\/blog.svkul.cz\/#website"},"primaryImageOfPage":{"@id":"https:\/\/blog.knihovnauk.cz\/index.php\/2023\/10\/30\/ondrej-dolezal-o-pokladu-a-skotske-bajna-knihovna\/#primaryimage"},"image":{"@id":"https:\/\/blog.knihovnauk.cz\/index.php\/2023\/10\/30\/ondrej-dolezal-o-pokladu-a-skotske-bajna-knihovna\/#primaryimage"},"thumbnailUrl":"https:\/\/blog.knihovnauk.cz\/wp-content\/uploads\/2023\/10\/ostry-tomas-culka-001.jpg","datePublished":"2023-10-30T08:00:00+00:00","author":{"@id":"https:\/\/blog.svkul.cz\/#\/schema\/person\/49547581b63594b811ad78a14b4f9079"},"breadcrumb":{"@id":"https:\/\/blog.knihovnauk.cz\/index.php\/2023\/10\/30\/ondrej-dolezal-o-pokladu-a-skotske-bajna-knihovna\/#breadcrumb"},"inLanguage":"cs","potentialAction":[{"@type":"ReadAction","target":["https:\/\/blog.knihovnauk.cz\/index.php\/2023\/10\/30\/ondrej-dolezal-o-pokladu-a-skotske-bajna-knihovna\/"]}]},{"@type":"ImageObject","inLanguage":"cs","@id":"https:\/\/blog.knihovnauk.cz\/index.php\/2023\/10\/30\/ondrej-dolezal-o-pokladu-a-skotske-bajna-knihovna\/#primaryimage","url":"https:\/\/blog.knihovnauk.cz\/wp-content\/uploads\/2023\/10\/ostry-tomas-culka-001.jpg","contentUrl":"https:\/\/blog.knihovnauk.cz\/wp-content\/uploads\/2023\/10\/ostry-tomas-culka-001.jpg","width":1200,"height":485},{"@type":"BreadcrumbList","@id":"https:\/\/blog.knihovnauk.cz\/index.php\/2023\/10\/30\/ondrej-dolezal-o-pokladu-a-skotske-bajna-knihovna\/#breadcrumb","itemListElement":[{"@type":"ListItem","position":1,"name":"Dom\u016f","item":"https:\/\/blog.svkul.cz\/"},{"@type":"ListItem","position":2,"name":"Ond\u0159ej Dole\u017eal: O pokladu a skotsk\u00e9 (B\u00c1JN\u00c1 KNIHOVNA)"}]},{"@type":"WebSite","@id":"https:\/\/blog.svkul.cz\/#website","url":"https:\/\/blog.svkul.cz\/","name":"Magaz\u00edn Severo\u010desk\u00e9 v\u011bdeck\u00e9 knihovny v \u00dast\u00ed nad Labem","description":"V\u011bnujeme se literatu\u0159e, um\u011bn\u00ed, knih\u00e1m a v\u0161emu, co n\u00e1s bav\u00ed a zaj\u00edm\u00e1.","potentialAction":[{"@type":"SearchAction","target":{"@type":"EntryPoint","urlTemplate":"https:\/\/blog.svkul.cz\/?s={search_term_string}"},"query-input":{"@type":"PropertyValueSpecification","valueRequired":true,"valueName":"search_term_string"}}],"inLanguage":"cs"},{"@type":"Person","@id":"https:\/\/blog.svkul.cz\/#\/schema\/person\/49547581b63594b811ad78a14b4f9079","name":"Akviziter","image":{"@type":"ImageObject","inLanguage":"cs","@id":"https:\/\/blog.svkul.cz\/#\/schema\/person\/image\/","url":"https:\/\/secure.gravatar.com\/avatar\/f42011ae2919fd1888c422331b856a9b?s=96&d=mm&r=g","contentUrl":"https:\/\/secure.gravatar.com\/avatar\/f42011ae2919fd1888c422331b856a9b?s=96&d=mm&r=g","caption":"Akviziter"},"url":"https:\/\/blog.knihovnauk.cz\/index.php\/author\/skoloud\/"}]}},"_links":{"self":[{"href":"https:\/\/blog.knihovnauk.cz\/index.php\/wp-json\/wp\/v2\/posts\/2431","targetHints":{"allow":["GET"]}}],"collection":[{"href":"https:\/\/blog.knihovnauk.cz\/index.php\/wp-json\/wp\/v2\/posts"}],"about":[{"href":"https:\/\/blog.knihovnauk.cz\/index.php\/wp-json\/wp\/v2\/types\/post"}],"author":[{"embeddable":true,"href":"https:\/\/blog.knihovnauk.cz\/index.php\/wp-json\/wp\/v2\/users\/2"}],"replies":[{"embeddable":true,"href":"https:\/\/blog.knihovnauk.cz\/index.php\/wp-json\/wp\/v2\/comments?post=2431"}],"version-history":[{"count":1,"href":"https:\/\/blog.knihovnauk.cz\/index.php\/wp-json\/wp\/v2\/posts\/2431\/revisions"}],"predecessor-version":[{"id":2432,"href":"https:\/\/blog.knihovnauk.cz\/index.php\/wp-json\/wp\/v2\/posts\/2431\/revisions\/2432"}],"wp:featuredmedia":[{"embeddable":true,"href":"https:\/\/blog.knihovnauk.cz\/index.php\/wp-json\/wp\/v2\/media\/2433"}],"wp:attachment":[{"href":"https:\/\/blog.knihovnauk.cz\/index.php\/wp-json\/wp\/v2\/media?parent=2431"}],"wp:term":[{"taxonomy":"category","embeddable":true,"href":"https:\/\/blog.knihovnauk.cz\/index.php\/wp-json\/wp\/v2\/categories?post=2431"},{"taxonomy":"post_tag","embeddable":true,"href":"https:\/\/blog.knihovnauk.cz\/index.php\/wp-json\/wp\/v2\/tags?post=2431"}],"curies":[{"name":"wp","href":"https:\/\/api.w.org\/{rel}","templated":true}]}}