{"id":2476,"date":"2024-01-08T10:00:39","date_gmt":"2024-01-08T09:00:39","guid":{"rendered":"https:\/\/blog.knihovnauk.cz\/?p=2476"},"modified":"2024-01-05T10:33:09","modified_gmt":"2024-01-05T09:33:09","slug":"anna-mackova-pan-erben-bajna-knihovna","status":"publish","type":"post","link":"https:\/\/blog.knihovnauk.cz\/index.php\/2024\/01\/08\/anna-mackova-pan-erben-bajna-knihovna\/","title":{"rendered":"Anna Mackov\u00e1: Pan Erben (B\u00c1JN\u00c1 KNIHOVNA)"},"content":{"rendered":"\n<p><strong><em>Pov\u00eddka ze sout\u011b\u017ee \u201eB\u00e1jn\u00e1 knihovna\u201c, kter\u00e1 prob\u011bhla pod hlavi\u010dkou Knihovny \u00dasteck\u00e9ho kraje v roce 2023. T\u00e9matem sout\u011b\u017ee byly b\u00e1jn\u00e9 bytosti a stra\u0161idla \u00dasteck\u00e9ho kraje. \u00dakolem bylo napsat kr\u00e1tkou pov\u00eddku, ve kter\u00e9 se objev\u00ed n\u011bjak\u00e1 b\u00e1jn\u00e1 bytost nebo stra\u0161idlo. T\u0159i nejlep\u0161\u00ed pov\u00eddky byly oti\u0161t\u011bny v publikaci B\u00e1jn\u00e1 knihovna, kterou knihovna vydala na podzim 2023.<\/em><\/strong><\/p>\n\n\n\n<p>Mo\u017en\u00e1, \u017ee p\u0159\u00edb\u011bh o mu\u017ei, kter\u00e9mu se \u0159\u00edk\u00e1 Erben, dob\u0159e zn\u00e1te. Mo\u017en\u00e1 jste dokonce ji\u017e venku toho mu\u017e\u00edka potkali. Chod\u00ed toti\u017e st\u00e1le mezi n\u00e1mi, maskovan\u00fd, tak\u017ee vypad\u00e1 jako ka\u017ed\u00fd oby\u010dejn\u00fd \u010dlov\u011bk. Pan Erben nen\u00ed na prvn\u00ed pohled nijak n\u00e1padn\u00fd. M\u00e1 \u0161ed\u00e9 vousy a vlasy, r\u00e1d nos\u00ed star\u00e9 tmav\u00e9 oble\u010den\u00ed. Do obli\u010deje mu obvykle neuvid\u00edte, je zahalen\u00fd kloboukem, \u010depic\u00ed, jak\u00e9hokoliv pohledu se stran\u00ed. \u0158\u00edk\u00e1te si, jak m\u016f\u017ee b\u00fdt takov\u00fd star\u00fd d\u011bdek stra\u0161idlem? Pov\u00edd\u00e1 se, \u017ee je \u010darod\u011bjem.<\/p>\n\n\n\n<p>Jeho domovem byla po stalet\u00ed mal\u00e1 chaloupka na vrcholu kopce. Tak vysoko, \u017ee m\u011bl v\u00fdhled na cel\u00e9 m\u011bsto a v\u0161echny lidi v n\u011bm. Pan Erben byl v\u0161ak samot\u00e1\u0159, a tak ho od jeho ch\u00e1traj\u00edc\u00ed chaloupky d\u011blil hust\u00fd les. Ka\u017ed\u00fd odv\u00e1\u017elivec, kter\u00fd by cht\u011bl jeho skromn\u00fd p\u0159\u00edbytek nav\u0161t\u00edvit, by musel l\u00e9zt dlouho po hrbolat\u00e9m sypk\u00e9m povrchu kopce a pot\u0159eboval by tak velkou d\u00e1vku s\u00edly a samoz\u0159ejm\u011b odvahy, \u017ee by to nejsp\u00ed\u0161e v polovin\u011b vzdal. P\u0159itom ale o chaloupce v\u011bd\u011bl m\u00e1lokdo a nikdo netu\u0161il, \u017ee ji ob\u00fdv\u00e1 star\u00fd \u010darod\u011bj. Krom\u011b chaloupky nebylo na kopci nic pozoruhodn\u00e9ho. A pokud by se p\u0159ece jen na\u0161el n\u011bkdo tak odv\u00e1\u017en\u00fd a sm\u011bl\u00fd, \u017ee by podstoupil ta stra\u0161liv\u00e1 muka v podob\u011b n\u00e1ro\u010dn\u00e9 fyzick\u00e9 aktivity, byl tu onen les, nijak hust\u00fd, nijak dlouh\u00fd, ale ko\u0159eny prorostl\u00fd a v\u011btvemi do o\u010d\u00ed \u0161t\u00edpaj\u00edc\u00ed, kter\u00fd v\u011bt\u0161inu p\u0159\u00edpadn\u00fdch n\u00e1v\u0161t\u011bvn\u00edk\u016f hrav\u011b odradil.<\/p>\n\n\n\n<p>Pan Erben nebyl jen tak n\u011bjak\u00fd \u010darod\u011bj, p\u0159esto\u017ee byl ji\u017e n\u011bjakou dobu v d\u016fchodu. Proto\u017ee byl jedin\u00fdm \u010darod\u011bjem v okol\u00ed, nebo se alespo\u0148 o jin\u00e9m nev\u011bd\u011blo, musel se o sv\u00e9 milovan\u00e9 m\u011bsto n\u00e1le\u017eit\u011b starat. Byl p\u0159ece nejlep\u0161\u00edm \u00fasteck\u00fdm \u010darod\u011bjem! Jeho pr\u00e1ce sest\u00e1vala z n\u011bkolika \u00fakol\u016f, n\u011bkter\u00fdch velmi d\u016fle\u017eit\u00fdch, ale i jin\u00fdch, kter\u00e9 vykon\u00e1val sp\u00ed\u0161e pro svou pot\u011bchu. Ve dne, kdy ven nechodil r\u00e1d, sp\u00ed\u0161e jen pokud musel (r\u00e1d s\u00e1m tvrdil, \u017ee m\u00e1 na slunce a dobrou n\u00e1ladu trochu alergii), obvykle proch\u00e1zel okol\u00ed, kolem lid\u00ed a v\u0161elijak\u00fdch jin\u00fdch bytost\u00ed, a poslouchal jejich strasti, tr\u00e1pen\u00ed a v\u0161e si pe\u010dliv\u011b zapisoval do sv\u00e9ho se\u0161itku. Pot\u00e9 vybral jednoho z t\u011bchto chud\u00e1k\u016f a toho nasm\u011broval ke spr\u00e1vn\u00e9mu c\u00edli. Nemyslete si ale, \u017ee to byl hodn\u00fd \u010darod\u011bj, tak\u00e9 r\u00e1d tropil kdov\u00edjakou neplechu. R\u00e1d lidem kradl boty, \u010depice i jin\u00e9 \u010d\u00e1sti od\u011bvu a pot\u00e9 je n\u00e1hodn\u011b schov\u00e1val po cel\u00e9m \u00dast\u00ed. R\u00e1d shazoval troleje trolejbus\u016fm a radoval se z ne\u0161t\u011bst\u00ed chv\u00e1taj\u00edc\u00edch lid\u00ed.<\/p>\n\n\n\n<p>Krom t\u011bchto a dal\u0161\u00edch naschv\u00e1l\u016f v\u0161ak odv\u00e1d\u011bl velmi u\u0161lechtilou pr\u00e1ci. Staral se nap\u0159\u00edklad o dal\u0161\u00ed podstra\u0161id\u00fdlka, je\u017e s n\u00edm v \u00dast\u00ed pracovala. Jedn\u00edm z nich byl To\u010difuk, mal\u00fd, na prvn\u00ed pohled jen v\u00e1nek p\u0159ipom\u00ednaj\u00edc\u00ed poryv v\u011btru, kter\u00fd se us\u00eddlil na dob\u011btick\u00e9 to\u010dn\u011b. Jeho prac\u00ed bylo ot\u00e1\u010den\u00ed trolejbus\u016f a autobus\u016f do spr\u00e1vn\u00e9ho sm\u011bru, bez jeho pomoci by se toti\u017e to\u010dily st\u00e1le dokola, ne a ne naj\u00edt spr\u00e1vn\u00fd sm\u011br. To\u010difuk byl v\u0161ak velmi roztr\u017eit\u00fd, r\u00e1d sv\u00fdm v\u011btrem posouval list\u00ed a drobn\u00e9 kam\u00ednky a sledoval, kam a\u017e dolet\u00ed. To pak do\u010dista zapomn\u011bl na svou pr\u00e1ci a nechal trolejbusy jezdit st\u00e1le dokola. Proto na n\u011bj pan Erben \u010dasto dohl\u00ed\u017eel, na\u0161t\u011bst\u00ed to od chaloupky nem\u011bl daleko a z vr\u0161ku na to\u010dnu dohl\u00e9dl.<\/p>\n\n\n\n<p>To, jak p\u0159i\u0161el pan Erben ke sv\u00e9mu jm\u00e9nu, dokl\u00e1d\u00e1 star\u00fd p\u0159\u00edb\u011bh. Jeho \u017eivot v chatce v \u00dast\u00ed nebyl nijak dobrodru\u017en\u00fd, byl pom\u011brn\u011b rutinn\u00ed a mnoha lidem by se mohl zd\u00e1t nudn\u00fd. \u010carod\u011bj nem\u011bl pot\u0159ebu chodit ven p\u0159\u00edli\u0161 \u010dasto, nejrad\u011bji se sto\u010dil do klub\u00ed\u010dka na star\u00e9 za\u0161\u00edvan\u00e9 dece, vyroben\u00e9 z l\u00e1tky oble\u010den\u00ed, kter\u00e9 nach\u00e1zel po m\u011bst\u011b, a pod\u0159imoval klidn\u011b cel\u00fd den a celou noc. Jednoho dne se v\u0161ak musel ze sv\u00e9 chaty vzd\u00e1lit. Nebyl to \u017e\u00e1dn\u00fd probl\u00e9m, z m\u011bsta ode\u0161el ji\u017e n\u011bkolikr\u00e1t. V\u017edy den p\u0159edem nap\u00e1chal trochu v\u00edce \u0161kody, pohrozil v\u0161em sv\u00fdm stra\u0161ideln\u00fdm koleg\u016fm, sbalil kysel\u00e9 okurky (ty m\u011bl tuze r\u00e1d) a vycestoval. Tentokr\u00e1t byl v\u0161ak hluboko v jeho \u017ealudku podivn\u00fd t\u011b\u017ek\u00fd pocit, kter\u00fd ho t\u00e1hl, jako by byl kamenem. Pan Erben tento pocit p\u0159ipisoval star\u00e9mu chlebu, kter\u00fd zhltl k ve\u010de\u0159i, ale stejn\u011b v n\u011bm byla malink\u00e1 my\u0161lenka, tam, v koutku jeho hlavy, kter\u00e1 volala, \u017ee a\u017e se vr\u00e1t\u00ed, ne v\u0161e bude v po\u0159\u00e1dku.<\/p>\n\n\n\n<p>A tak se tak\u00e9 stalo. Kdy\u017e se pan Erben o n\u011bkolik dn\u00ed pozd\u011bji vr\u00e1til, na\u0161el na sv\u00e9m palou\u010dku v lese sutiny sv\u00e9 chaloupky a hromadu d\u011bln\u00edk\u016f. Byl vzteky bez sebe. Ne, zu\u0159il. P\u0159\u00edmo soptil. C\u00edtil, jak se mu vztek hromad\u00ed v t\u011ble a ka\u017edou vte\u0159inou doch\u00e1z\u00ed m\u00edsto a hroz\u00ed jeho exploze. P\u0159\u00e1l si je v\u0161echny za\u010darovat. Prokl\u00edt. Ale v\u011bd\u011bl, \u017ee nem\u016f\u017ee. Bylo jich mnoho a o jeho kletb\u011b by se roz\u0161\u00ed\u0159ily zv\u011bsti. Padl na n\u011bj smutek. Ze v\u0161eho vzteku se vytvo\u0159il spl\u00edn tak t\u011b\u017ek\u00fd, \u017ee pan Erben klesl na kolena. Smutnil, schovan\u00fd v lese, p\u0159i pohledu na d\u011bln\u00edky stav\u00edc\u00ed obludnou stavbu m\u00edsto jeho p\u0159ekr\u00e1sn\u00e9 chaloupky. A s ka\u017edi\u010dkou chvilkou, kterou smutnil, \u00dast\u00ed zaplavovala mlha. Byla hust\u00e1, nepropustn\u00e1 a zalila v\u0161echny domy, v\u0161echny lidi, v\u0161e. Ale i p\u0159es ten nejv\u011bt\u0161\u00ed smutek a\u017e k n\u011bmu, na mal\u00fd palou\u010dek, nikdy mlha nedolehla. Po n\u011bkolika m\u011bs\u00edc\u00edch byla m\u00edsto chaloupky postavena rozhledna, je\u017e byla pojmenov\u00e1na Erbenova. Pan Erben se k n\u00ed ji\u017e nikdy nep\u0159ibl\u00ed\u017eil a p\u0159es\u00eddlil jinam. Od t\u00e9 doby u\u017e tam \u010darod\u011bje nikdo nikdy nevid\u011bl. P\u0159esto se ale zv\u011bsti o mu\u017e\u00edkovi, kter\u00e9mu se podle vyhl\u00eddky \u0159\u00edk\u00e1v\u00e1 pr\u00e1v\u011b pan Erben, \u0161\u00ed\u0159\u00ed v \u00dast\u00ed d\u00e1l. A m\u016f\u017eete si v\u0161imnout mnoha stop, kter\u00e9 po sob\u011b nech\u00e1v\u00e1. T\u0159eba tuhou nepropustnou mlhu, je\u017e v\u0161ak nikdy nedos\u00e1hne k vyhl\u00eddce. Nebo to, \u017ee se trolejbusy na to\u010dn\u011b st\u00e1le ot\u00e1\u010d\u00ed. Mo\u017en\u00e1, \u017ee pokud budete pozorn\u00ed, pana Erbena sami uvid\u00edte. A\u017e p\u0159\u00ed\u0161t\u011b potk\u00e1te starce, ti\u0161e na\u0161tvan\u00e9ho na cel\u00fd sv\u011bt, nezapome\u0148te, \u017ee je to mo\u017en\u00e1 pr\u00e1v\u011b n\u00e1\u0161 \u010darod\u011bj.<\/p>\n","protected":false},"excerpt":{"rendered":"<p>Pov\u00eddka ze sout\u011b\u017ee \u201eB\u00e1jn\u00e1 knihovna\u201c, kter\u00e1 prob\u011bhla pod hlavi\u010dkou Knihovny \u00dasteck\u00e9ho kraje v roce 2023. T\u00e9matem sout\u011b\u017ee byly b\u00e1jn\u00e9 bytosti a stra\u0161idla \u00dasteck\u00e9ho kraje. \u00dakolem bylo napsat kr\u00e1tkou pov\u00eddku, ve kter\u00e9 se objev\u00ed n\u011bjak\u00e1 b\u00e1jn\u00e1 bytost nebo stra\u0161idlo. T\u0159i nejlep\u0161\u00ed pov\u00eddky byly oti\u0161t\u011bny v publikaci B\u00e1jn\u00e1 knihovna, kterou knihovna vydala na podzim 2023. Mo\u017en\u00e1, \u017ee [&hellip;]<\/p>\n","protected":false},"author":2,"featured_media":0,"comment_status":"open","ping_status":"open","sticky":false,"template":"","format":"standard","meta":{"_monsterinsights_skip_tracking":false,"_monsterinsights_sitenote_active":false,"_monsterinsights_sitenote_note":"","_monsterinsights_sitenote_category":0,"footnotes":""},"categories":[329],"tags":[],"class_list":["post-2476","post","type-post","status-publish","format-standard","hentry","category-bajna-knihovna"],"yoast_head":"<!-- This site is optimized with the Yoast SEO plugin v24.8.1 - https:\/\/yoast.com\/wordpress\/plugins\/seo\/ -->\n<title>Anna Mackov\u00e1: Pan Erben (B\u00c1JN\u00c1 KNIHOVNA) - Magaz\u00edn Knihovny \u00dasteck\u00e9ho kraje<\/title>\n<meta name=\"robots\" content=\"index, follow, max-snippet:-1, max-image-preview:large, max-video-preview:-1\" \/>\n<link rel=\"canonical\" href=\"https:\/\/blog.knihovnauk.cz\/index.php\/2024\/01\/08\/anna-mackova-pan-erben-bajna-knihovna\/\" \/>\n<meta property=\"og:locale\" content=\"cs_CZ\" \/>\n<meta property=\"og:type\" content=\"article\" \/>\n<meta property=\"og:title\" content=\"Anna Mackov\u00e1: Pan Erben (B\u00c1JN\u00c1 KNIHOVNA) - Magaz\u00edn Knihovny \u00dasteck\u00e9ho kraje\" \/>\n<meta property=\"og:description\" content=\"Pov\u00eddka ze sout\u011b\u017ee \u201eB\u00e1jn\u00e1 knihovna\u201c, kter\u00e1 prob\u011bhla pod hlavi\u010dkou Knihovny \u00dasteck\u00e9ho kraje v roce 2023. T\u00e9matem sout\u011b\u017ee byly b\u00e1jn\u00e9 bytosti a stra\u0161idla \u00dasteck\u00e9ho kraje. \u00dakolem bylo napsat kr\u00e1tkou pov\u00eddku, ve kter\u00e9 se objev\u00ed n\u011bjak\u00e1 b\u00e1jn\u00e1 bytost nebo stra\u0161idlo. T\u0159i nejlep\u0161\u00ed pov\u00eddky byly oti\u0161t\u011bny v publikaci B\u00e1jn\u00e1 knihovna, kterou knihovna vydala na podzim 2023. Mo\u017en\u00e1, \u017ee [&hellip;]\" \/>\n<meta property=\"og:url\" content=\"https:\/\/blog.knihovnauk.cz\/index.php\/2024\/01\/08\/anna-mackova-pan-erben-bajna-knihovna\/\" \/>\n<meta property=\"og:site_name\" content=\"Magaz\u00edn Knihovny \u00dasteck\u00e9ho kraje\" \/>\n<meta property=\"article:publisher\" content=\"https:\/\/www.facebook.com\/svkusti\" \/>\n<meta property=\"article:published_time\" content=\"2024-01-08T09:00:39+00:00\" \/>\n<meta name=\"author\" content=\"Akviziter\" \/>\n<meta name=\"twitter:card\" content=\"summary_large_image\" \/>\n<meta name=\"twitter:label1\" content=\"Napsal(a)\" \/>\n\t<meta name=\"twitter:data1\" content=\"Akviziter\" \/>\n\t<meta name=\"twitter:label2\" content=\"Odhadovan\u00e1 doba \u010dten\u00ed\" \/>\n\t<meta name=\"twitter:data2\" content=\"6 minut\" \/>\n<script type=\"application\/ld+json\" class=\"yoast-schema-graph\">{\"@context\":\"https:\/\/schema.org\",\"@graph\":[{\"@type\":\"WebPage\",\"@id\":\"https:\/\/blog.knihovnauk.cz\/index.php\/2024\/01\/08\/anna-mackova-pan-erben-bajna-knihovna\/\",\"url\":\"https:\/\/blog.knihovnauk.cz\/index.php\/2024\/01\/08\/anna-mackova-pan-erben-bajna-knihovna\/\",\"name\":\"Anna Mackov\u00e1: Pan Erben (B\u00c1JN\u00c1 KNIHOVNA) - Magaz\u00edn Knihovny \u00dasteck\u00e9ho kraje\",\"isPartOf\":{\"@id\":\"https:\/\/blog.svkul.cz\/#website\"},\"datePublished\":\"2024-01-08T09:00:39+00:00\",\"author\":{\"@id\":\"https:\/\/blog.svkul.cz\/#\/schema\/person\/49547581b63594b811ad78a14b4f9079\"},\"breadcrumb\":{\"@id\":\"https:\/\/blog.knihovnauk.cz\/index.php\/2024\/01\/08\/anna-mackova-pan-erben-bajna-knihovna\/#breadcrumb\"},\"inLanguage\":\"cs\",\"potentialAction\":[{\"@type\":\"ReadAction\",\"target\":[\"https:\/\/blog.knihovnauk.cz\/index.php\/2024\/01\/08\/anna-mackova-pan-erben-bajna-knihovna\/\"]}]},{\"@type\":\"BreadcrumbList\",\"@id\":\"https:\/\/blog.knihovnauk.cz\/index.php\/2024\/01\/08\/anna-mackova-pan-erben-bajna-knihovna\/#breadcrumb\",\"itemListElement\":[{\"@type\":\"ListItem\",\"position\":1,\"name\":\"Dom\u016f\",\"item\":\"https:\/\/blog.svkul.cz\/\"},{\"@type\":\"ListItem\",\"position\":2,\"name\":\"Anna Mackov\u00e1: Pan Erben (B\u00c1JN\u00c1 KNIHOVNA)\"}]},{\"@type\":\"WebSite\",\"@id\":\"https:\/\/blog.svkul.cz\/#website\",\"url\":\"https:\/\/blog.svkul.cz\/\",\"name\":\"Magaz\u00edn Severo\u010desk\u00e9 v\u011bdeck\u00e9 knihovny v \u00dast\u00ed nad Labem\",\"description\":\"V\u011bnujeme se literatu\u0159e, um\u011bn\u00ed, knih\u00e1m a v\u0161emu, co n\u00e1s bav\u00ed a zaj\u00edm\u00e1.\",\"potentialAction\":[{\"@type\":\"SearchAction\",\"target\":{\"@type\":\"EntryPoint\",\"urlTemplate\":\"https:\/\/blog.svkul.cz\/?s={search_term_string}\"},\"query-input\":{\"@type\":\"PropertyValueSpecification\",\"valueRequired\":true,\"valueName\":\"search_term_string\"}}],\"inLanguage\":\"cs\"},{\"@type\":\"Person\",\"@id\":\"https:\/\/blog.svkul.cz\/#\/schema\/person\/49547581b63594b811ad78a14b4f9079\",\"name\":\"Akviziter\",\"image\":{\"@type\":\"ImageObject\",\"inLanguage\":\"cs\",\"@id\":\"https:\/\/blog.svkul.cz\/#\/schema\/person\/image\/\",\"url\":\"https:\/\/secure.gravatar.com\/avatar\/f42011ae2919fd1888c422331b856a9b?s=96&d=mm&r=g\",\"contentUrl\":\"https:\/\/secure.gravatar.com\/avatar\/f42011ae2919fd1888c422331b856a9b?s=96&d=mm&r=g\",\"caption\":\"Akviziter\"},\"url\":\"https:\/\/blog.knihovnauk.cz\/index.php\/author\/skoloud\/\"}]}<\/script>\n<!-- \/ Yoast SEO plugin. -->","yoast_head_json":{"title":"Anna Mackov\u00e1: Pan Erben (B\u00c1JN\u00c1 KNIHOVNA) - Magaz\u00edn Knihovny \u00dasteck\u00e9ho kraje","robots":{"index":"index","follow":"follow","max-snippet":"max-snippet:-1","max-image-preview":"max-image-preview:large","max-video-preview":"max-video-preview:-1"},"canonical":"https:\/\/blog.knihovnauk.cz\/index.php\/2024\/01\/08\/anna-mackova-pan-erben-bajna-knihovna\/","og_locale":"cs_CZ","og_type":"article","og_title":"Anna Mackov\u00e1: Pan Erben (B\u00c1JN\u00c1 KNIHOVNA) - Magaz\u00edn Knihovny \u00dasteck\u00e9ho kraje","og_description":"Pov\u00eddka ze sout\u011b\u017ee \u201eB\u00e1jn\u00e1 knihovna\u201c, kter\u00e1 prob\u011bhla pod hlavi\u010dkou Knihovny \u00dasteck\u00e9ho kraje v roce 2023. T\u00e9matem sout\u011b\u017ee byly b\u00e1jn\u00e9 bytosti a stra\u0161idla \u00dasteck\u00e9ho kraje. \u00dakolem bylo napsat kr\u00e1tkou pov\u00eddku, ve kter\u00e9 se objev\u00ed n\u011bjak\u00e1 b\u00e1jn\u00e1 bytost nebo stra\u0161idlo. T\u0159i nejlep\u0161\u00ed pov\u00eddky byly oti\u0161t\u011bny v publikaci B\u00e1jn\u00e1 knihovna, kterou knihovna vydala na podzim 2023. Mo\u017en\u00e1, \u017ee [&hellip;]","og_url":"https:\/\/blog.knihovnauk.cz\/index.php\/2024\/01\/08\/anna-mackova-pan-erben-bajna-knihovna\/","og_site_name":"Magaz\u00edn Knihovny \u00dasteck\u00e9ho kraje","article_publisher":"https:\/\/www.facebook.com\/svkusti","article_published_time":"2024-01-08T09:00:39+00:00","author":"Akviziter","twitter_card":"summary_large_image","twitter_misc":{"Napsal(a)":"Akviziter","Odhadovan\u00e1 doba \u010dten\u00ed":"6 minut"},"schema":{"@context":"https:\/\/schema.org","@graph":[{"@type":"WebPage","@id":"https:\/\/blog.knihovnauk.cz\/index.php\/2024\/01\/08\/anna-mackova-pan-erben-bajna-knihovna\/","url":"https:\/\/blog.knihovnauk.cz\/index.php\/2024\/01\/08\/anna-mackova-pan-erben-bajna-knihovna\/","name":"Anna Mackov\u00e1: Pan Erben (B\u00c1JN\u00c1 KNIHOVNA) - Magaz\u00edn Knihovny \u00dasteck\u00e9ho kraje","isPartOf":{"@id":"https:\/\/blog.svkul.cz\/#website"},"datePublished":"2024-01-08T09:00:39+00:00","author":{"@id":"https:\/\/blog.svkul.cz\/#\/schema\/person\/49547581b63594b811ad78a14b4f9079"},"breadcrumb":{"@id":"https:\/\/blog.knihovnauk.cz\/index.php\/2024\/01\/08\/anna-mackova-pan-erben-bajna-knihovna\/#breadcrumb"},"inLanguage":"cs","potentialAction":[{"@type":"ReadAction","target":["https:\/\/blog.knihovnauk.cz\/index.php\/2024\/01\/08\/anna-mackova-pan-erben-bajna-knihovna\/"]}]},{"@type":"BreadcrumbList","@id":"https:\/\/blog.knihovnauk.cz\/index.php\/2024\/01\/08\/anna-mackova-pan-erben-bajna-knihovna\/#breadcrumb","itemListElement":[{"@type":"ListItem","position":1,"name":"Dom\u016f","item":"https:\/\/blog.svkul.cz\/"},{"@type":"ListItem","position":2,"name":"Anna Mackov\u00e1: Pan Erben (B\u00c1JN\u00c1 KNIHOVNA)"}]},{"@type":"WebSite","@id":"https:\/\/blog.svkul.cz\/#website","url":"https:\/\/blog.svkul.cz\/","name":"Magaz\u00edn Severo\u010desk\u00e9 v\u011bdeck\u00e9 knihovny v \u00dast\u00ed nad Labem","description":"V\u011bnujeme se literatu\u0159e, um\u011bn\u00ed, knih\u00e1m a v\u0161emu, co n\u00e1s bav\u00ed a zaj\u00edm\u00e1.","potentialAction":[{"@type":"SearchAction","target":{"@type":"EntryPoint","urlTemplate":"https:\/\/blog.svkul.cz\/?s={search_term_string}"},"query-input":{"@type":"PropertyValueSpecification","valueRequired":true,"valueName":"search_term_string"}}],"inLanguage":"cs"},{"@type":"Person","@id":"https:\/\/blog.svkul.cz\/#\/schema\/person\/49547581b63594b811ad78a14b4f9079","name":"Akviziter","image":{"@type":"ImageObject","inLanguage":"cs","@id":"https:\/\/blog.svkul.cz\/#\/schema\/person\/image\/","url":"https:\/\/secure.gravatar.com\/avatar\/f42011ae2919fd1888c422331b856a9b?s=96&d=mm&r=g","contentUrl":"https:\/\/secure.gravatar.com\/avatar\/f42011ae2919fd1888c422331b856a9b?s=96&d=mm&r=g","caption":"Akviziter"},"url":"https:\/\/blog.knihovnauk.cz\/index.php\/author\/skoloud\/"}]}},"_links":{"self":[{"href":"https:\/\/blog.knihovnauk.cz\/index.php\/wp-json\/wp\/v2\/posts\/2476","targetHints":{"allow":["GET"]}}],"collection":[{"href":"https:\/\/blog.knihovnauk.cz\/index.php\/wp-json\/wp\/v2\/posts"}],"about":[{"href":"https:\/\/blog.knihovnauk.cz\/index.php\/wp-json\/wp\/v2\/types\/post"}],"author":[{"embeddable":true,"href":"https:\/\/blog.knihovnauk.cz\/index.php\/wp-json\/wp\/v2\/users\/2"}],"replies":[{"embeddable":true,"href":"https:\/\/blog.knihovnauk.cz\/index.php\/wp-json\/wp\/v2\/comments?post=2476"}],"version-history":[{"count":1,"href":"https:\/\/blog.knihovnauk.cz\/index.php\/wp-json\/wp\/v2\/posts\/2476\/revisions"}],"predecessor-version":[{"id":2477,"href":"https:\/\/blog.knihovnauk.cz\/index.php\/wp-json\/wp\/v2\/posts\/2476\/revisions\/2477"}],"wp:attachment":[{"href":"https:\/\/blog.knihovnauk.cz\/index.php\/wp-json\/wp\/v2\/media?parent=2476"}],"wp:term":[{"taxonomy":"category","embeddable":true,"href":"https:\/\/blog.knihovnauk.cz\/index.php\/wp-json\/wp\/v2\/categories?post=2476"},{"taxonomy":"post_tag","embeddable":true,"href":"https:\/\/blog.knihovnauk.cz\/index.php\/wp-json\/wp\/v2\/tags?post=2476"}],"curies":[{"name":"wp","href":"https:\/\/api.w.org\/{rel}","templated":true}]}}