{"id":2479,"date":"2024-01-15T10:00:00","date_gmt":"2024-01-15T09:00:00","guid":{"rendered":"https:\/\/blog.knihovnauk.cz\/?p=2479"},"modified":"2024-01-09T12:47:18","modified_gmt":"2024-01-09T11:47:18","slug":"tomas-marton-tulak-jozka-bajna-knihovna","status":"publish","type":"post","link":"https:\/\/blog.knihovnauk.cz\/index.php\/2024\/01\/15\/tomas-marton-tulak-jozka-bajna-knihovna\/","title":{"rendered":"Tom\u00e1\u0161 Marton: Tul\u00e1k Jozka (B\u00c1JN\u00c1 KNIHOVNA)"},"content":{"rendered":"\n<p><strong><em>Pov\u00eddka ze sout\u011b\u017ee \u201eB\u00e1jn\u00e1 knihovna\u201c, kter\u00e1 prob\u011bhla pod hlavi\u010dkou Knihovny \u00dasteck\u00e9ho kraje v roce 2023. T\u00e9matem sout\u011b\u017ee byly b\u00e1jn\u00e9 bytosti a stra\u0161idla \u00dasteck\u00e9ho kraje. \u00dakolem bylo napsat kr\u00e1tkou pov\u00eddku, ve kter\u00e9 se objev\u00ed n\u011bjak\u00e1 b\u00e1jn\u00e1 bytost nebo stra\u0161idlo. T\u0159i nejlep\u0161\u00ed pov\u00eddky byly oti\u0161t\u011bny v publikaci B\u00e1jn\u00e1 knihovna, kterou knihovna vydala na podzim 2023.<\/em><\/strong><\/p>\n\n\n\n<p>\u201eNesn\u00e1\u0161\u00edm houmles\u00e1ky,\u201c \u0159ekl dostate\u010dn\u011b nahlas Radovan, aby ho mu\u017e, sed\u00edc\u00ed u sochy Karla Havl\u00ed\u010dka Borovsk\u00e9ho p\u0159ed duchcovsk\u00fdm gymn\u00e1ziem, sly\u0161el.<\/p>\n\n\n\n<p>\u201eJ\u00e1 taky, akor\u00e1t otravujou,\u201c souhlasil Kuba, i kdy\u017e vlastn\u011b nev\u011bd\u011bl pro\u010d. Ale Radovan je k\u00e1mo\u0161, tak s n\u00edm v\u017edy dr\u017e\u00ed basu. M\u011bli dal\u0161\u00ed \u0161koln\u00ed den za sebou a m\u00ed\u0159ili dom\u016f. Bezdomovec u sochy \u201eK\u00e1ji\u201c je vyvedl z rovnov\u00e1hy. Mu\u017e m\u011bl dlouh\u00fd kab\u00e1t, jeho\u017e barva mohla b\u00fdt jak\u00e1koliv, proto\u017ee na n\u011bm ji\u017e bylo zn\u00e1t opot\u0159ebovanost a p\u0159edev\u0161\u00edm mnoho \u0161p\u00edny a skvrn. Nej\u010dist\u0161\u00ed v\u011bc\u00ed na mu\u017ei byl jeho mysliveck\u00fd klobouk se soj\u010d\u00edm p\u00e9rem. Byl zarostl\u00fd a u\u0161mudlan\u00fd, jak bezdomovci b\u00fdvaj\u00ed, tenhle byl v\u0161ak speci\u00e1ln\u00ed. M\u011bl h\u016fl. Dlouhou jako dosp\u011bl\u00fd \u010dlov\u011bk. Jist\u011b byla ze d\u0159eva a jej\u00ed vrchol n\u011bkdo vy\u0159ezal do tvaru kapky.<\/p>\n\n\n\n<p>Bezdomovec sly\u0161el, co \u0159\u00edkali, ale nijak nereagoval. Jen se na n\u011b d\u00edval.<\/p>\n\n\n\n<p>Oba \u017e\u00e1ci tercie se na moment zastavili. Ten pohled byl velmi nep\u0159\u00edjemn\u00fd.<\/p>\n\n\n\n<p>\u201ePro\u010d tak vejr\u00e1?\u201c zeptal se Kuba, aby p\u016fsobil drsn\u011b, ale v duchu mu ten chlap p\u0159i\u0161el podivn\u011b znepokojuj\u00edc\u00ed.<\/p>\n\n\n\n<p>Radovan popo\u0161el bl\u00ed\u017e k bezdomovci a zak\u0159i\u010del:<\/p>\n\n\n\n<p>\u201eCo tak \u010dum\u00ed\u0161?!\u201c<\/p>\n\n\n\n<p>Mu\u017e jen sed\u011bl a d\u00edval se. Radovan se rozesm\u00e1l.<\/p>\n\n\n\n<p>\u201eAsi je \u00fapln\u011b blbej. Hej, chlape, m\u011bl bys odsud vypadnout. A to rychle! Hrozn\u011b smrd\u00ed\u0161.\u201c<\/p>\n\n\n\n<p>Kubovi se to nel\u00edbilo. Ten \u010dlov\u011bk p\u016fsobil skoro a\u017e stra\u0161ideln\u011b. Jak byl \u0161pinav\u00fd a zarostl\u00fd, nedalo se poznat, zda m\u00e1 v obli\u010deji n\u011bjakou mimiku. Je na\u0161tvan\u00fd, nebo jen smutn\u00fd?<\/p>\n\n\n\n<p>\u201eRadovane, poj\u010f. Ka\u0161leme na n\u011bj.\u201c<\/p>\n\n\n\n<p>\u201eTo teda ne. Provokuje. Jak \u010dum\u00ed, houmles\u00e1k hnusnej. Asi by cht\u011bl nakopat prdel,\u201c \u0159ekl jedovat\u011b Radovan a na bezdomovce plivl.<\/p>\n\n\n\n<p>Kubu to p\u0159ekvapilo. Radovan byl n\u011bkdy drz\u00fd na u\u010ditele, ale plivnout na \u010dlov\u011bka?<\/p>\n\n\n\n<p>Pak si Kuba n\u011b\u010deho v\u0161iml. Bezdomovcova h\u016fl m\u011bla do vrcholu ve tvaru kapky vsazen n\u011bjak\u00fd k\u00e1men. Kubovi se zd\u00e1lo, \u017ee za\u010d\u00edn\u00e1 fialov\u011b z\u00e1\u0159it. Cht\u011bl Radovana varovat, ale m\u00edsto toho za sebou sly\u0161el d\u016frazn\u00fd hlas.<\/p>\n\n\n\n<p>\u201eNechte toho p\u00e1na na pokoji, kret\u00e9ni!\u201c<\/p>\n\n\n\n<p>Hlas pat\u0159il Veronice, jejich spolu\u017ea\u010dce. Kubovi se l\u00edbila, ale ihned pochopil, \u017ee tohle mu u n\u00ed na oblib\u011b nep\u0159id\u00e1.<\/p>\n\n\n\n<p>\u201eNo tak, sly\u0161eli jste? Z\u00edtra to \u0159eknu t\u0159\u00eddn\u00ed.\u201c<\/p>\n\n\n\n<p>Radovan n\u011bco zamumlal, nejsp\u00ed\u0161 neslu\u0161n\u00e9ho, ale dal se do ch\u016fze.<\/p>\n\n\n\n<p>\u201eJdeme,\u201c \u0159ekl Radovan Kubovi a ten se spolu s n\u00edm dal do pohybu. Je\u0161t\u011b se oto\u010dil zp\u011bt, aby si prohl\u00e9dl Veroni\u010din znechucen\u00fd v\u00fdraz a tak\u00e9 st\u00e1le stejn\u011b podivn\u00fd pohled bezdomovce, kter\u00fd je pozoroval. K\u00e1men na jeho holi u\u017e nez\u00e1\u0159il.<\/p>\n\n\n\n<p>v<\/p>\n\n\n\n<p>Doma Kuba t\u00e1tovi vypr\u00e1v\u011bl, jak potkal s kamar\u00e1dem u gymplu houmles\u00e1ka, ale u\u017e se nezm\u00ednil, \u017ee na n\u011bj nad\u00e1vali.<\/p>\n\n\n\n<p>\u201eNa takov\u00e9 lidi si d\u00e1vej bacha, mohou b\u00fdt nebezpe\u010dn\u00ed. T\u0159eba kdy\u017e jim ned\u00e1\u0161 \u017e\u00e1dn\u00e9 pen\u00edze. Ale \u0159\u00edkat houmles\u00e1k mu nemus\u00ed\u0161. Je to prost\u011b jenom \u010dlov\u011bk bez domova.\u201c<\/p>\n\n\n\n<p>\u201eHrozn\u011b smrd\u011bl, byl hnusnej a m\u011bl takovou divnou h\u016fl.\u201c<\/p>\n\n\n\n<p>\u201eH\u016fl? Ty jo, je\u0161t\u011b aby to byl Tul\u00e1k Jozka.\u201c<\/p>\n\n\n\n<p>\u201eTul\u00e1k Jozka? To je kdo?\u201c podivil se Kuba.<\/p>\n\n\n\n<p>\u201eTakovej n\u00e1\u0161 duchcovskej p\u0159\u00edzrak,\u201c pousm\u00e1l se t\u00e1ta.<\/p>\n\n\n\n<p>Kuba se zamra\u010dil. P\u0159ipadalo mu, \u017ee si z n\u011bj t\u00e1ta d\u011bl\u00e1 srandu.<\/p>\n\n\n\n<p>\u201eJe o n\u011bm jedna b\u00e1chorka. O chl\u00e1pkovi, kter\u00fd m\u011bl kdysi kr\u00e1snou \u017eenu, se kterou se hrozn\u011b milovali. Jen\u017ee onemocn\u011bla a zem\u0159ela. On se z toho nikdy nevzpamatoval, dostalo ho to na ulici. O d\u016fm p\u0159i\u0161el, ale bylo mu to jedno. Byl zaho\u0159kl\u00fd a \u017eil z toho, co na ulici vy\u017eebral. Jednou ho ale dvojice mu\u017e\u016f poslala do h\u00e1je, prost\u011b mu necht\u011bli nic d\u00e1t. On na n\u011b pr\u00fd n\u011bco zak\u0159i\u010del a pak\u2026\u201c<\/p>\n\n\n\n<p>\u201eA pak?\u201c ptal se hladov\u011b Kuba.<\/p>\n\n\n\n<p>\u201ePotom ho ukopali k smrti.\u201c<\/p>\n\n\n\n<p>\u201eTo je stra\u0161n\u00fd.\u201c<\/p>\n\n\n\n<p>\u201ePo\u010dkej, to nen\u00ed v\u0161echno. Od t\u00e9 doby ho pr\u00fd n\u011bkdy lid\u00e9 v\u00eddaj\u00ed, jak \u017eebr\u00e1, a nesnese, kdy\u017e je na n\u011bj n\u011bkdo drz\u00fd. Jakmile mu n\u011bkdo n\u011bco provede, zaklepe a zasv\u00edt\u00ed svou hol\u00ed a spolu s t\u00edm \u010dlov\u011bkem n\u011bkam zmiz\u00ed. Pr\u00fd se takhle v Duchcov\u011b ztratila hromada lid\u00ed.\u201c<\/p>\n\n\n\n<p>Kuba m\u011bl o\u010di navrch hlavy. H\u016fl, zaklep\u00e1n\u00ed hol\u00ed, zmizen\u00ed. D\u011bsilo ho to.<\/p>\n\n\n\n<p>\u201eAle neboj se, je to jen pov\u00edda\u010dka. V\u017edy\u0165 kdo um\u0159e, tak je prost\u011b mrtv\u00fd.\u201c<\/p>\n\n\n\n<p>\u201eA co bere jako drzost? Co je tak velk\u00fd proh\u0159e\u0161ek, \u017ee toho \u010dlov\u011bka n\u011bkam unese?\u201c<\/p>\n\n\n\n<p>\u201eKdo v\u00ed. Ale pr\u00fd jak mu jednou n\u011bco provede\u0161, u\u017e si to pamatuje.\u201c<\/p>\n\n\n\n<p>v<\/p>\n\n\n\n<p>Druh\u00fd den \u010dekalo Kubu ve \u0161kole p\u0159ekvapen\u00ed. Radovan se nedostavil. Kuba mu psal na WhatsApp, ale zpr\u00e1va z\u016fstala nep\u0159e\u010dten\u00e1. Dostal strach. Moc dob\u0159e si pamatoval, jak v\u010dera houmles\u00e1kova h\u016fl zasv\u00edtila. P\u0159ejel mu mr\u00e1z po z\u00e1dech. P\u0159ece i kdyby to byl Tul\u00e1k Jozka, tak mu nic tak hrozn\u00e9ho neud\u011blali. Nebo ano?<\/p>\n\n\n\n<p>\u0160koln\u00ed den skon\u010dil a Kuba vy\u0161el p\u0159ed gymn\u00e1zium. Bezdomovec tam nebyl. Kubovi spadl k\u00e1men ze srdce a m\u00ed\u0159il dom\u016f. P\u0159e\u0161el silnici a zabo\u010dil na Oseckou. A pak se lekl. Jako kdyby se vyno\u0159il odnikud. V ruce dr\u017eel h\u016fl a p\u00e1chl nejen \u0161p\u00ednou, ale i n\u011b\u010d\u00edm ciz\u00edm, co Kuba nikdy p\u0159edt\u00edm nec\u00edtil. Cosi hnilobn\u00e9ho a nelidsk\u00e9ho. P\u0159i\u0161lo mu, \u017ee se z toho puchu na m\u00edst\u011b pozvrac\u00ed.<\/p>\n\n\n\n<p>\u201eMyslel sis, \u017ee na tebe zapomenu? J\u00e1 nikdy nezapom\u00edn\u00e1m,\u201c \u0159ekl hlubok\u00fdm a tak\u0159ka bublav\u00fdm hlasem tul\u00e1k. Jeho h\u016fl z\u00e1\u0159ila jemn\u00fdm fialov\u00fdm sv\u011btlem.<\/p>\n\n\n\n<p>\u201eNic jsem neprovedl. J\u00e1 p\u0159ece nic neprovedl!\u201c<\/p>\n\n\n\n<p>\u201eNe? S k\u00fdmpak jsi to v\u010dera na m\u011b plival? Kdo mi nad\u00e1val?\u201c<\/p>\n\n\n\n<p>\u201eAle j\u00e1 neplival, j\u00e1 jsem p\u0159ece nic neud\u011blal. Pros\u00edm, nechte m\u011b j\u00edt,\u201c \u017eadonil Kuba a \u017ealudek se mu sv\u00edral strachem.<\/p>\n\n\n\n<p>\u201eP\u0159esn\u011b, neud\u011blal jsi nic. Nezastal ses m\u011b a myslel sis, jakej jsem hnusnej houmles\u00e1k. Vezmu t\u011b tam, kam jsem vzal i tv\u00e9ho kamar\u00e1da, kter\u00e9mu jsi tak v\u011brn\u011b st\u00e1l po boku, kdy\u017e na m\u011b plival.\u201c<\/p>\n\n\n\n<p>\u201eNe, pros\u00edm ne!\u201c vyk\u0159ikl zoufale Kuba a cht\u011bl se rozb\u011bhnout pry\u010d. To u\u017e ale o zem \u0165ukla tul\u00e1kova h\u016fl.<\/p>\n\n\n\n<p>Sv\u011bt potemn\u011bl. A kdy\u017e zesv\u011btlal, u\u017e nebyl jako d\u0159\u00edv. Ztratil barvy.<\/p>\n\n\n\n<p>v<\/p>\n\n\n\n<p>St\u00e1l tam, kde potkal Jozku. Jen si p\u0159ipadal jako v \u010dernob\u00edl\u00e9m filmu. Nikde \u017e\u00e1dn\u00e9 barvy. Panovalo podivn\u00e9 t\u00ed\u017eiv\u00e9 ticho. Kuba si v\u0161iml, \u017ee stromy v parku jsou \u00fapln\u011b bez list\u00ed. Pod\u00edval se napravo. \u0160kola tam st\u00e1la jako v\u017edy, jen v oknech se nic neodr\u00e1\u017eelo. A pak se lekl; v jednom z oken n\u011bco zahl\u00e9dl. Mal\u00e1 postava. D\u00edt\u011b? Vid\u011bl ho jen okam\u017eik, ale p\u0159\u00edsahal by, \u017ee nem\u011blo b\u011blmo v o\u010d\u00edch. Kuba se rozhl\u00ed\u017eel kolem. Na nedalekou k\u0159i\u017eovatku i domy na ulic\u00edch. Nikde ani \u017eiv\u00e1\u010dka.<\/p>\n\n\n\n<p>\u201eHal\u00f3! Je tu n\u011bkdo?\u201c do\u017eadoval se pomoci, ale odpov\u011bd\u00ed mu byl jen t\u00e1hl\u00fd nelidsk\u00fd v\u00fdk\u0159ik kdesi v d\u00e1lce. Chv\u00edli putoval sm\u011brem, kde m\u011bl b\u00fdt jeho domov, kdy\u017e tu p\u0159ed sebou zahl\u00e9dl postavu. Na okam\u017eik ho zaplavila radost. Byl to Radovan. St\u00e1l uprost\u0159ed silnice a hled\u011bl nezaujat\u011b do vozovky.<\/p>\n\n\n\n<p>\u201eRadovane!\u201c zvolal v ne\u010dekan\u00e9 radosti Kuba a p\u0159idal do kroku sm\u011brem ke kamar\u00e1dovi. Ten se k n\u011bmu oto\u010dil a Kuba ztuhl. Byl to Radovan, ale vypadal jinak. Bled\u00e1 ple\u0165 a pohublost p\u016fsobily smutn\u011b, ale Kubu vyd\u011bsilo n\u011bco jin\u00e9ho. Kamar\u00e1d nem\u011bl b\u011blmo. Jeho o\u010di jako by n\u011bkdo naplnil tmou.<\/p>\n\n\n\n<p>\u201eTak t\u011b sem taky vzal,\u201c \u0159ekl smutn\u011b polo\u0161eptem Radovan.<\/p>\n\n\n\n<p>\u201eCo jsi za\u010d?\u201c t\u0159\u00e1sl se Kubovi hlas, kdy\u017e se ptal.<\/p>\n\n\n\n<p>\u201eRadovan, kdo bych byl?\u201c<\/p>\n\n\n\n<p>\u201eM\u00e1\u0161 \u010dern\u00fd o\u010di jak n\u011bjak\u00fd d\u00e9mon,\u201c \u0159ekl Kuba a ud\u011blal krok vzad.<\/p>\n\n\n\n<p>\u201eAle ty u\u017e je m\u00e1\u0161 taky,\u201c usm\u00e1l se Radovan.<\/p>\n\n\n\n<p>\u201eNe, nem\u00e1m. Ty l\u017ee\u0161!\u201c<\/p>\n\n\n\n<p>Radovan se rozesm\u00e1l.<\/p>\n\n\n\n<p>\u201eJe to d\u00e1rek od Jozky.\u201c<\/p>\n\n\n\n<p>\u201eNe, to nen\u00ed mo\u017en\u00fd,\u201c vzlykal Kuba a st\u00e1le couval. Jeho kamar\u00e1d se d\u00e1l sm\u00e1l.<\/p>\n\n\n\n<p>\u201ePoznal to v n\u00e1s. Vid\u011bl v n\u00e1s tu temnotu! Tak n\u00e1m j\u00ed zalil o\u010di. Je to d\u00e1rek od Jozky!\u201c k\u0159i\u010del za couvaj\u00edc\u00edm Kubou Radovan.<\/p>\n\n\n\n<p>Kuba se s pl\u00e1\u010dem rozb\u011bhl do m\u011bsta. Nen\u00e1vid\u011bl toho hnusn\u00fdho houmles\u00e1ka, vztekal se na Radovana a litoval s\u00e1m sebe kv\u016fli tomu, \u017ee skon\u010dil takhle. St\u00ednov\u00fdm Duchcovem ut\u00edkal jeho nov\u00fd obyvatel. A Tul\u00e1k Jozka i nad\u00e1le v norm\u00e1ln\u00edm sv\u011bt\u011b \u017eebral po lidech dobr\u00e9 skutky. B\u011bda tomu, kdo mu za\u010dal nad\u00e1vat.<\/p>\n","protected":false},"excerpt":{"rendered":"<p>Pov\u00eddka ze sout\u011b\u017ee \u201eB\u00e1jn\u00e1 knihovna\u201c, kter\u00e1 prob\u011bhla pod hlavi\u010dkou Knihovny \u00dasteck\u00e9ho kraje v roce 2023. T\u00e9matem sout\u011b\u017ee byly b\u00e1jn\u00e9 bytosti a stra\u0161idla \u00dasteck\u00e9ho kraje. \u00dakolem bylo napsat kr\u00e1tkou pov\u00eddku, ve kter\u00e9 se objev\u00ed n\u011bjak\u00e1 b\u00e1jn\u00e1 bytost nebo stra\u0161idlo. T\u0159i nejlep\u0161\u00ed pov\u00eddky byly oti\u0161t\u011bny v publikaci B\u00e1jn\u00e1 knihovna, kterou knihovna vydala na podzim 2023. \u201eNesn\u00e1\u0161\u00edm houmles\u00e1ky,\u201c [&hellip;]<\/p>\n","protected":false},"author":2,"featured_media":2480,"comment_status":"open","ping_status":"open","sticky":false,"template":"","format":"standard","meta":{"_monsterinsights_skip_tracking":false,"_monsterinsights_sitenote_active":false,"_monsterinsights_sitenote_note":"","_monsterinsights_sitenote_category":0,"footnotes":""},"categories":[329],"tags":[],"class_list":["post-2479","post","type-post","status-publish","format-standard","has-post-thumbnail","hentry","category-bajna-knihovna"],"yoast_head":"<!-- This site is optimized with the Yoast SEO plugin v24.8.1 - https:\/\/yoast.com\/wordpress\/plugins\/seo\/ -->\n<title>Tom\u00e1\u0161 Marton: Tul\u00e1k Jozka (B\u00c1JN\u00c1 KNIHOVNA) - Magaz\u00edn Knihovny \u00dasteck\u00e9ho kraje<\/title>\n<meta name=\"robots\" content=\"index, follow, max-snippet:-1, max-image-preview:large, max-video-preview:-1\" \/>\n<link rel=\"canonical\" href=\"https:\/\/blog.knihovnauk.cz\/index.php\/2024\/01\/15\/tomas-marton-tulak-jozka-bajna-knihovna\/\" \/>\n<meta property=\"og:locale\" content=\"cs_CZ\" \/>\n<meta property=\"og:type\" content=\"article\" \/>\n<meta property=\"og:title\" content=\"Tom\u00e1\u0161 Marton: Tul\u00e1k Jozka (B\u00c1JN\u00c1 KNIHOVNA) - Magaz\u00edn Knihovny \u00dasteck\u00e9ho kraje\" \/>\n<meta property=\"og:description\" content=\"Pov\u00eddka ze sout\u011b\u017ee \u201eB\u00e1jn\u00e1 knihovna\u201c, kter\u00e1 prob\u011bhla pod hlavi\u010dkou Knihovny \u00dasteck\u00e9ho kraje v roce 2023. T\u00e9matem sout\u011b\u017ee byly b\u00e1jn\u00e9 bytosti a stra\u0161idla \u00dasteck\u00e9ho kraje. \u00dakolem bylo napsat kr\u00e1tkou pov\u00eddku, ve kter\u00e9 se objev\u00ed n\u011bjak\u00e1 b\u00e1jn\u00e1 bytost nebo stra\u0161idlo. T\u0159i nejlep\u0161\u00ed pov\u00eddky byly oti\u0161t\u011bny v publikaci B\u00e1jn\u00e1 knihovna, kterou knihovna vydala na podzim 2023. \u201eNesn\u00e1\u0161\u00edm houmles\u00e1ky,\u201c [&hellip;]\" \/>\n<meta property=\"og:url\" content=\"https:\/\/blog.knihovnauk.cz\/index.php\/2024\/01\/15\/tomas-marton-tulak-jozka-bajna-knihovna\/\" \/>\n<meta property=\"og:site_name\" content=\"Magaz\u00edn Knihovny \u00dasteck\u00e9ho kraje\" \/>\n<meta property=\"article:publisher\" content=\"https:\/\/www.facebook.com\/svkusti\" \/>\n<meta property=\"article:published_time\" content=\"2024-01-15T09:00:00+00:00\" \/>\n<meta property=\"og:image\" content=\"https:\/\/blog.knihovnauk.cz\/wp-content\/uploads\/2024\/01\/Untitled-design-44.png\" \/>\n\t<meta property=\"og:image:width\" content=\"940\" \/>\n\t<meta property=\"og:image:height\" content=\"788\" \/>\n\t<meta property=\"og:image:type\" content=\"image\/png\" \/>\n<meta name=\"author\" content=\"Akviziter\" \/>\n<meta name=\"twitter:card\" content=\"summary_large_image\" \/>\n<meta name=\"twitter:label1\" content=\"Napsal(a)\" \/>\n\t<meta name=\"twitter:data1\" content=\"Akviziter\" \/>\n\t<meta name=\"twitter:label2\" content=\"Odhadovan\u00e1 doba \u010dten\u00ed\" \/>\n\t<meta name=\"twitter:data2\" content=\"8 minut\" \/>\n<script type=\"application\/ld+json\" class=\"yoast-schema-graph\">{\"@context\":\"https:\/\/schema.org\",\"@graph\":[{\"@type\":\"WebPage\",\"@id\":\"https:\/\/blog.knihovnauk.cz\/index.php\/2024\/01\/15\/tomas-marton-tulak-jozka-bajna-knihovna\/\",\"url\":\"https:\/\/blog.knihovnauk.cz\/index.php\/2024\/01\/15\/tomas-marton-tulak-jozka-bajna-knihovna\/\",\"name\":\"Tom\u00e1\u0161 Marton: Tul\u00e1k Jozka (B\u00c1JN\u00c1 KNIHOVNA) - Magaz\u00edn Knihovny \u00dasteck\u00e9ho kraje\",\"isPartOf\":{\"@id\":\"https:\/\/blog.svkul.cz\/#website\"},\"primaryImageOfPage\":{\"@id\":\"https:\/\/blog.knihovnauk.cz\/index.php\/2024\/01\/15\/tomas-marton-tulak-jozka-bajna-knihovna\/#primaryimage\"},\"image\":{\"@id\":\"https:\/\/blog.knihovnauk.cz\/index.php\/2024\/01\/15\/tomas-marton-tulak-jozka-bajna-knihovna\/#primaryimage\"},\"thumbnailUrl\":\"https:\/\/blog.knihovnauk.cz\/wp-content\/uploads\/2024\/01\/Untitled-design-44.png\",\"datePublished\":\"2024-01-15T09:00:00+00:00\",\"author\":{\"@id\":\"https:\/\/blog.svkul.cz\/#\/schema\/person\/49547581b63594b811ad78a14b4f9079\"},\"breadcrumb\":{\"@id\":\"https:\/\/blog.knihovnauk.cz\/index.php\/2024\/01\/15\/tomas-marton-tulak-jozka-bajna-knihovna\/#breadcrumb\"},\"inLanguage\":\"cs\",\"potentialAction\":[{\"@type\":\"ReadAction\",\"target\":[\"https:\/\/blog.knihovnauk.cz\/index.php\/2024\/01\/15\/tomas-marton-tulak-jozka-bajna-knihovna\/\"]}]},{\"@type\":\"ImageObject\",\"inLanguage\":\"cs\",\"@id\":\"https:\/\/blog.knihovnauk.cz\/index.php\/2024\/01\/15\/tomas-marton-tulak-jozka-bajna-knihovna\/#primaryimage\",\"url\":\"https:\/\/blog.knihovnauk.cz\/wp-content\/uploads\/2024\/01\/Untitled-design-44.png\",\"contentUrl\":\"https:\/\/blog.knihovnauk.cz\/wp-content\/uploads\/2024\/01\/Untitled-design-44.png\",\"width\":940,\"height\":788},{\"@type\":\"BreadcrumbList\",\"@id\":\"https:\/\/blog.knihovnauk.cz\/index.php\/2024\/01\/15\/tomas-marton-tulak-jozka-bajna-knihovna\/#breadcrumb\",\"itemListElement\":[{\"@type\":\"ListItem\",\"position\":1,\"name\":\"Dom\u016f\",\"item\":\"https:\/\/blog.svkul.cz\/\"},{\"@type\":\"ListItem\",\"position\":2,\"name\":\"Tom\u00e1\u0161 Marton: Tul\u00e1k Jozka (B\u00c1JN\u00c1 KNIHOVNA)\"}]},{\"@type\":\"WebSite\",\"@id\":\"https:\/\/blog.svkul.cz\/#website\",\"url\":\"https:\/\/blog.svkul.cz\/\",\"name\":\"Magaz\u00edn Severo\u010desk\u00e9 v\u011bdeck\u00e9 knihovny v \u00dast\u00ed nad Labem\",\"description\":\"V\u011bnujeme se literatu\u0159e, um\u011bn\u00ed, knih\u00e1m a v\u0161emu, co n\u00e1s bav\u00ed a zaj\u00edm\u00e1.\",\"potentialAction\":[{\"@type\":\"SearchAction\",\"target\":{\"@type\":\"EntryPoint\",\"urlTemplate\":\"https:\/\/blog.svkul.cz\/?s={search_term_string}\"},\"query-input\":{\"@type\":\"PropertyValueSpecification\",\"valueRequired\":true,\"valueName\":\"search_term_string\"}}],\"inLanguage\":\"cs\"},{\"@type\":\"Person\",\"@id\":\"https:\/\/blog.svkul.cz\/#\/schema\/person\/49547581b63594b811ad78a14b4f9079\",\"name\":\"Akviziter\",\"image\":{\"@type\":\"ImageObject\",\"inLanguage\":\"cs\",\"@id\":\"https:\/\/blog.svkul.cz\/#\/schema\/person\/image\/\",\"url\":\"https:\/\/secure.gravatar.com\/avatar\/f42011ae2919fd1888c422331b856a9b?s=96&d=mm&r=g\",\"contentUrl\":\"https:\/\/secure.gravatar.com\/avatar\/f42011ae2919fd1888c422331b856a9b?s=96&d=mm&r=g\",\"caption\":\"Akviziter\"},\"url\":\"https:\/\/blog.knihovnauk.cz\/index.php\/author\/skoloud\/\"}]}<\/script>\n<!-- \/ Yoast SEO plugin. -->","yoast_head_json":{"title":"Tom\u00e1\u0161 Marton: Tul\u00e1k Jozka (B\u00c1JN\u00c1 KNIHOVNA) - Magaz\u00edn Knihovny \u00dasteck\u00e9ho kraje","robots":{"index":"index","follow":"follow","max-snippet":"max-snippet:-1","max-image-preview":"max-image-preview:large","max-video-preview":"max-video-preview:-1"},"canonical":"https:\/\/blog.knihovnauk.cz\/index.php\/2024\/01\/15\/tomas-marton-tulak-jozka-bajna-knihovna\/","og_locale":"cs_CZ","og_type":"article","og_title":"Tom\u00e1\u0161 Marton: Tul\u00e1k Jozka (B\u00c1JN\u00c1 KNIHOVNA) - Magaz\u00edn Knihovny \u00dasteck\u00e9ho kraje","og_description":"Pov\u00eddka ze sout\u011b\u017ee \u201eB\u00e1jn\u00e1 knihovna\u201c, kter\u00e1 prob\u011bhla pod hlavi\u010dkou Knihovny \u00dasteck\u00e9ho kraje v roce 2023. T\u00e9matem sout\u011b\u017ee byly b\u00e1jn\u00e9 bytosti a stra\u0161idla \u00dasteck\u00e9ho kraje. \u00dakolem bylo napsat kr\u00e1tkou pov\u00eddku, ve kter\u00e9 se objev\u00ed n\u011bjak\u00e1 b\u00e1jn\u00e1 bytost nebo stra\u0161idlo. T\u0159i nejlep\u0161\u00ed pov\u00eddky byly oti\u0161t\u011bny v publikaci B\u00e1jn\u00e1 knihovna, kterou knihovna vydala na podzim 2023. \u201eNesn\u00e1\u0161\u00edm houmles\u00e1ky,\u201c [&hellip;]","og_url":"https:\/\/blog.knihovnauk.cz\/index.php\/2024\/01\/15\/tomas-marton-tulak-jozka-bajna-knihovna\/","og_site_name":"Magaz\u00edn Knihovny \u00dasteck\u00e9ho kraje","article_publisher":"https:\/\/www.facebook.com\/svkusti","article_published_time":"2024-01-15T09:00:00+00:00","og_image":[{"width":940,"height":788,"url":"https:\/\/blog.knihovnauk.cz\/wp-content\/uploads\/2024\/01\/Untitled-design-44.png","type":"image\/png"}],"author":"Akviziter","twitter_card":"summary_large_image","twitter_misc":{"Napsal(a)":"Akviziter","Odhadovan\u00e1 doba \u010dten\u00ed":"8 minut"},"schema":{"@context":"https:\/\/schema.org","@graph":[{"@type":"WebPage","@id":"https:\/\/blog.knihovnauk.cz\/index.php\/2024\/01\/15\/tomas-marton-tulak-jozka-bajna-knihovna\/","url":"https:\/\/blog.knihovnauk.cz\/index.php\/2024\/01\/15\/tomas-marton-tulak-jozka-bajna-knihovna\/","name":"Tom\u00e1\u0161 Marton: Tul\u00e1k Jozka (B\u00c1JN\u00c1 KNIHOVNA) - Magaz\u00edn Knihovny \u00dasteck\u00e9ho kraje","isPartOf":{"@id":"https:\/\/blog.svkul.cz\/#website"},"primaryImageOfPage":{"@id":"https:\/\/blog.knihovnauk.cz\/index.php\/2024\/01\/15\/tomas-marton-tulak-jozka-bajna-knihovna\/#primaryimage"},"image":{"@id":"https:\/\/blog.knihovnauk.cz\/index.php\/2024\/01\/15\/tomas-marton-tulak-jozka-bajna-knihovna\/#primaryimage"},"thumbnailUrl":"https:\/\/blog.knihovnauk.cz\/wp-content\/uploads\/2024\/01\/Untitled-design-44.png","datePublished":"2024-01-15T09:00:00+00:00","author":{"@id":"https:\/\/blog.svkul.cz\/#\/schema\/person\/49547581b63594b811ad78a14b4f9079"},"breadcrumb":{"@id":"https:\/\/blog.knihovnauk.cz\/index.php\/2024\/01\/15\/tomas-marton-tulak-jozka-bajna-knihovna\/#breadcrumb"},"inLanguage":"cs","potentialAction":[{"@type":"ReadAction","target":["https:\/\/blog.knihovnauk.cz\/index.php\/2024\/01\/15\/tomas-marton-tulak-jozka-bajna-knihovna\/"]}]},{"@type":"ImageObject","inLanguage":"cs","@id":"https:\/\/blog.knihovnauk.cz\/index.php\/2024\/01\/15\/tomas-marton-tulak-jozka-bajna-knihovna\/#primaryimage","url":"https:\/\/blog.knihovnauk.cz\/wp-content\/uploads\/2024\/01\/Untitled-design-44.png","contentUrl":"https:\/\/blog.knihovnauk.cz\/wp-content\/uploads\/2024\/01\/Untitled-design-44.png","width":940,"height":788},{"@type":"BreadcrumbList","@id":"https:\/\/blog.knihovnauk.cz\/index.php\/2024\/01\/15\/tomas-marton-tulak-jozka-bajna-knihovna\/#breadcrumb","itemListElement":[{"@type":"ListItem","position":1,"name":"Dom\u016f","item":"https:\/\/blog.svkul.cz\/"},{"@type":"ListItem","position":2,"name":"Tom\u00e1\u0161 Marton: Tul\u00e1k Jozka (B\u00c1JN\u00c1 KNIHOVNA)"}]},{"@type":"WebSite","@id":"https:\/\/blog.svkul.cz\/#website","url":"https:\/\/blog.svkul.cz\/","name":"Magaz\u00edn Severo\u010desk\u00e9 v\u011bdeck\u00e9 knihovny v \u00dast\u00ed nad Labem","description":"V\u011bnujeme se literatu\u0159e, um\u011bn\u00ed, knih\u00e1m a v\u0161emu, co n\u00e1s bav\u00ed a zaj\u00edm\u00e1.","potentialAction":[{"@type":"SearchAction","target":{"@type":"EntryPoint","urlTemplate":"https:\/\/blog.svkul.cz\/?s={search_term_string}"},"query-input":{"@type":"PropertyValueSpecification","valueRequired":true,"valueName":"search_term_string"}}],"inLanguage":"cs"},{"@type":"Person","@id":"https:\/\/blog.svkul.cz\/#\/schema\/person\/49547581b63594b811ad78a14b4f9079","name":"Akviziter","image":{"@type":"ImageObject","inLanguage":"cs","@id":"https:\/\/blog.svkul.cz\/#\/schema\/person\/image\/","url":"https:\/\/secure.gravatar.com\/avatar\/f42011ae2919fd1888c422331b856a9b?s=96&d=mm&r=g","contentUrl":"https:\/\/secure.gravatar.com\/avatar\/f42011ae2919fd1888c422331b856a9b?s=96&d=mm&r=g","caption":"Akviziter"},"url":"https:\/\/blog.knihovnauk.cz\/index.php\/author\/skoloud\/"}]}},"_links":{"self":[{"href":"https:\/\/blog.knihovnauk.cz\/index.php\/wp-json\/wp\/v2\/posts\/2479","targetHints":{"allow":["GET"]}}],"collection":[{"href":"https:\/\/blog.knihovnauk.cz\/index.php\/wp-json\/wp\/v2\/posts"}],"about":[{"href":"https:\/\/blog.knihovnauk.cz\/index.php\/wp-json\/wp\/v2\/types\/post"}],"author":[{"embeddable":true,"href":"https:\/\/blog.knihovnauk.cz\/index.php\/wp-json\/wp\/v2\/users\/2"}],"replies":[{"embeddable":true,"href":"https:\/\/blog.knihovnauk.cz\/index.php\/wp-json\/wp\/v2\/comments?post=2479"}],"version-history":[{"count":1,"href":"https:\/\/blog.knihovnauk.cz\/index.php\/wp-json\/wp\/v2\/posts\/2479\/revisions"}],"predecessor-version":[{"id":2481,"href":"https:\/\/blog.knihovnauk.cz\/index.php\/wp-json\/wp\/v2\/posts\/2479\/revisions\/2481"}],"wp:featuredmedia":[{"embeddable":true,"href":"https:\/\/blog.knihovnauk.cz\/index.php\/wp-json\/wp\/v2\/media\/2480"}],"wp:attachment":[{"href":"https:\/\/blog.knihovnauk.cz\/index.php\/wp-json\/wp\/v2\/media?parent=2479"}],"wp:term":[{"taxonomy":"category","embeddable":true,"href":"https:\/\/blog.knihovnauk.cz\/index.php\/wp-json\/wp\/v2\/categories?post=2479"},{"taxonomy":"post_tag","embeddable":true,"href":"https:\/\/blog.knihovnauk.cz\/index.php\/wp-json\/wp\/v2\/tags?post=2479"}],"curies":[{"name":"wp","href":"https:\/\/api.w.org\/{rel}","templated":true}]}}