{"id":278,"date":"2017-12-22T13:40:59","date_gmt":"2017-12-22T12:40:59","guid":{"rendered":"http:\/\/blog.knihovnauk.cz\/?p=278"},"modified":"2017-12-22T14:30:32","modified_gmt":"2017-12-22T13:30:32","slug":"vesele-vanoce","status":"publish","type":"post","link":"https:\/\/blog.knihovnauk.cz\/index.php\/2017\/12\/22\/vesele-vanoce\/","title":{"rendered":"Vesel\u00e9 V\u00e1noce"},"content":{"rendered":"<p>P\u0159ejeme V\u00e1m kr\u00e1sn\u00e9 a vesel\u00e9 V\u00e1noce pro\u017eit\u00e9 s va\u0161imi nejbli\u017e\u0161\u00edmi. Pod strome\u010dek spoustu zdrav\u00ed a radosti.\u00a0 A pokud se budete p\u0159\u00ed\u0161t\u00ed t\u00fdden nudit, sko\u010dte k n\u00e1m do <a href=\"http:\/\/www.knihovnauk.cz\/vanocni-oteviraci-doba-knihovny-2\/\">knihovny<\/a> \ud83d\ude42<\/p>\n<figure id=\"attachment_279\" aria-describedby=\"caption-attachment-279\" style=\"width: 711px\" class=\"wp-caption aligncenter\"><img loading=\"lazy\" decoding=\"async\" class=\"wp-image-279 size-large\" src=\"http:\/\/blog.knihovnauk.cz\/wp-content\/uploads\/2017\/12\/DSC_0028-711x1024.jpg\" alt=\"\" width=\"711\" height=\"1024\" srcset=\"https:\/\/blog.knihovnauk.cz\/wp-content\/uploads\/2017\/12\/DSC_0028-711x1024.jpg 711w, https:\/\/blog.knihovnauk.cz\/wp-content\/uploads\/2017\/12\/DSC_0028-208x300.jpg 208w, https:\/\/blog.knihovnauk.cz\/wp-content\/uploads\/2017\/12\/DSC_0028-768x1107.jpg 768w\" sizes=\"auto, (max-width: 711px) 100vw, 711px\" \/><figcaption id=\"caption-attachment-279\" class=\"wp-caption-text\"><strong>\u0160t\u011bdr\u00fd ve\u010der, maloval Arpad de Migl<\/strong><\/figcaption><\/figure>\n<p>&#8222;Je\u0161t\u011b t\u0159i dni a budou d\u011bji\u0161t\u011bm takov\u00fdch aneb aspo\u0148 podobn\u00fdch scen, jakou p\u0159edv\u00e1d\u00ed genre Migl\u016fv, tis\u00edce a tis\u00edce dom\u00e1cnost\u00ed ve v\u0161ech d\u00edlech sv\u011bta. Oslava pam\u00e1tky Spasitele d\u00edt\u011bte je nejpoeti\u010dt\u011bj\u0161\u00edm sv\u00e1tkem k\u0159es\u0165anstva a nejradostn\u011bj\u0161\u00edm dnem d\u011bt\u00ed. <strong>Ale nejvzne\u0161en\u011bj\u0161\u00edmi ze k\u0159es\u0165ansk\u00fdch sv\u00e1tk\u016f \u010din\u00ed v\u00e1noce pr\u00e1v\u011b skutky l\u00e1sky a milosrd\u00ed,<\/strong> k nim\u017e s\u00edm\u011b zas\u00e9v\u00e1 uct\u00edv\u00e1n\u00ed pam\u00e1tky narozen\u00ed Je\u017e\u00ed\u0161e Krista a nad\u011blov\u00e1n\u00ed d\u00e1rk\u016f obci mali\u010dk\u00fdch. Jsou dnov\u00e9 v\u00e1no\u010dn\u00ed dny dobro\u010dinnosti, jsou v\u00fdzvou bohat\u00fdm, vzpomenouti nuzn\u00fdm. Nebo\u0165 jako tis\u00edce je dom\u00e1cnost\u00ed tak \u0161\u0165astn\u00fdch, v jakou pohled otv\u00edr\u00e1 genre Migl\u016fv, tak jsou miliony p\u0159\u00edbytk\u016f chud\u00fdch, v nich\u017e \u0161t\u011bdr\u00fd den b\u00fdv\u00e1 dnem ho\u0159k\u00e9ho stesku a nejv\u00edce poci\u0165ovan\u00e9 b\u00eddy. A jak nedohledn\u011b daleko je je\u0161t\u011b do doby, kdy vkro\u010d\u00ed Je\u017e\u00ed\u0161ek do ka\u017ed\u00e9ho i sklepn\u00edho p\u0159\u00edbytku, kdy \u017e\u00e1dn\u00e9 d\u00edt\u011b nepolejou slzy z\u00e1visti a sklam\u00e1n\u00ed v ten den, kdy v ka\u017ed\u00e9 d\u011btsk\u00e9 tv\u00e1\u0159i zkvete \u00fasm\u011bv a v o\u010d\u00edch jeho zat\u0159pyt\u00ed se lesk v\u00e1no\u010dn\u00edho stromku? &#8211; \u00d3, pamatujte na d\u011bti chud\u00fdch a nuzn\u00fdch vy, kdo\u017e s takou p\u00e9\u010d\u00ed stroj\u00edte stromek v\u00e1no\u010dn\u00ed sv\u00fdm vlastn\u00edm a tolik pro n\u011b m\u00e1te d\u00e1rk\u016f jako mlad\u00e1 matka na genru Miglov\u011b!&#8220;<em> \/ Text: Sv\u011btozor 1895, Ro\u010dn\u00edk XXX, \u010d\u00edslo 6, str. 72<\/em><\/p>\n<p><img loading=\"lazy\" decoding=\"async\" class=\"size-large wp-image-281 aligncenter\" src=\"http:\/\/blog.knihovnauk.cz\/wp-content\/uploads\/2017\/12\/DSC_0032-661x1024.jpg\" alt=\"\" width=\"661\" height=\"1024\" srcset=\"https:\/\/blog.knihovnauk.cz\/wp-content\/uploads\/2017\/12\/DSC_0032-661x1024.jpg 661w, https:\/\/blog.knihovnauk.cz\/wp-content\/uploads\/2017\/12\/DSC_0032-194x300.jpg 194w, https:\/\/blog.knihovnauk.cz\/wp-content\/uploads\/2017\/12\/DSC_0032-768x1190.jpg 768w\" sizes=\"auto, (max-width: 661px) 100vw, 661px\" \/><\/p>\n<p>&nbsp;<\/p>\n<p>Ilustrace jsou pou\u017eit\u00e9 z obrazov\u00e9ho t\u00fdden\u00edku Sv\u011btozor z roku 1895, kter\u00fd je k prezen\u010dn\u00ed v\u00fdp\u016fj\u010dce <a href=\"http:\/\/katalog.knihovnauk.cz\/l.dll?cll~P=424683\">zde<\/a>.<\/p>\n","protected":false},"excerpt":{"rendered":"<p>P\u0159ejeme V\u00e1m kr\u00e1sn\u00e9 a vesel\u00e9 V\u00e1noce pro\u017eit\u00e9 s va\u0161imi nejbli\u017e\u0161\u00edmi. Pod strome\u010dek spoustu zdrav\u00ed a radosti.\u00a0 A pokud se budete p\u0159\u00ed\u0161t\u00ed t\u00fdden nudit, sko\u010dte k n\u00e1m do knihovny \ud83d\ude42 &#8222;Je\u0161t\u011b t\u0159i dni a budou d\u011bji\u0161t\u011bm takov\u00fdch aneb aspo\u0148 podobn\u00fdch scen, jakou p\u0159edv\u00e1d\u00ed genre Migl\u016fv, tis\u00edce a tis\u00edce dom\u00e1cnost\u00ed ve v\u0161ech d\u00edlech sv\u011bta. Oslava pam\u00e1tky Spasitele [&hellip;]<\/p>\n","protected":false},"author":2,"featured_media":288,"comment_status":"open","ping_status":"open","sticky":false,"template":"","format":"image","meta":{"_monsterinsights_skip_tracking":false,"_monsterinsights_sitenote_active":false,"_monsterinsights_sitenote_note":"","_monsterinsights_sitenote_category":0,"footnotes":""},"categories":[11,10,36,18,29],"tags":[38,83,49,82,31],"class_list":["post-278","post","type-post","status-publish","format-image","has-post-thumbnail","hentry","category-ilustrace","category-maliri","category-periodika","category-umeni","category-zajimavosti","tag-casopis","tag-svetozor","tag-umeni","tag-vanoce","tag-zajimavosti","post_format-post-format-image"],"yoast_head":"<!-- This site is optimized with the Yoast SEO plugin v24.8.1 - https:\/\/yoast.com\/wordpress\/plugins\/seo\/ -->\n<title>Vesel\u00e9 V\u00e1noce - Magaz\u00edn Knihovny \u00dasteck\u00e9ho kraje<\/title>\n<meta name=\"robots\" content=\"index, follow, max-snippet:-1, max-image-preview:large, max-video-preview:-1\" \/>\n<link rel=\"canonical\" href=\"https:\/\/blog.knihovnauk.cz\/index.php\/2017\/12\/22\/vesele-vanoce\/\" \/>\n<meta property=\"og:locale\" content=\"cs_CZ\" \/>\n<meta property=\"og:type\" content=\"article\" \/>\n<meta property=\"og:title\" content=\"Vesel\u00e9 V\u00e1noce - Magaz\u00edn Knihovny \u00dasteck\u00e9ho kraje\" \/>\n<meta property=\"og:description\" content=\"P\u0159ejeme V\u00e1m kr\u00e1sn\u00e9 a vesel\u00e9 V\u00e1noce pro\u017eit\u00e9 s va\u0161imi nejbli\u017e\u0161\u00edmi. Pod strome\u010dek spoustu zdrav\u00ed a radosti.\u00a0 A pokud se budete p\u0159\u00ed\u0161t\u00ed t\u00fdden nudit, sko\u010dte k n\u00e1m do knihovny \ud83d\ude42 &#8222;Je\u0161t\u011b t\u0159i dni a budou d\u011bji\u0161t\u011bm takov\u00fdch aneb aspo\u0148 podobn\u00fdch scen, jakou p\u0159edv\u00e1d\u00ed genre Migl\u016fv, tis\u00edce a tis\u00edce dom\u00e1cnost\u00ed ve v\u0161ech d\u00edlech sv\u011bta. Oslava pam\u00e1tky Spasitele [&hellip;]\" \/>\n<meta property=\"og:url\" content=\"https:\/\/blog.knihovnauk.cz\/index.php\/2017\/12\/22\/vesele-vanoce\/\" \/>\n<meta property=\"og:site_name\" content=\"Magaz\u00edn Knihovny \u00dasteck\u00e9ho kraje\" \/>\n<meta property=\"article:publisher\" content=\"https:\/\/www.facebook.com\/svkusti\" \/>\n<meta property=\"article:published_time\" content=\"2017-12-22T12:40:59+00:00\" \/>\n<meta property=\"article:modified_time\" content=\"2017-12-22T13:30:32+00:00\" \/>\n<meta property=\"og:image\" content=\"https:\/\/blog.svkul.cz\/wp-content\/uploads\/2017\/12\/DSC_0031-1-1024x489.jpg\" \/>\n\t<meta property=\"og:image:width\" content=\"1024\" \/>\n\t<meta property=\"og:image:height\" content=\"489\" \/>\n\t<meta property=\"og:image:type\" content=\"image\/jpeg\" \/>\n<meta name=\"author\" content=\"Akviziter\" \/>\n<meta name=\"twitter:card\" content=\"summary_large_image\" \/>\n<meta name=\"twitter:label1\" content=\"Napsal(a)\" \/>\n\t<meta name=\"twitter:data1\" content=\"Akviziter\" \/>\n\t<meta name=\"twitter:label2\" content=\"Odhadovan\u00e1 doba \u010dten\u00ed\" \/>\n\t<meta name=\"twitter:data2\" content=\"2 minuty\" \/>\n<script type=\"application\/ld+json\" class=\"yoast-schema-graph\">{\"@context\":\"https:\/\/schema.org\",\"@graph\":[{\"@type\":\"WebPage\",\"@id\":\"https:\/\/blog.knihovnauk.cz\/index.php\/2017\/12\/22\/vesele-vanoce\/\",\"url\":\"https:\/\/blog.knihovnauk.cz\/index.php\/2017\/12\/22\/vesele-vanoce\/\",\"name\":\"Vesel\u00e9 V\u00e1noce - Magaz\u00edn Knihovny \u00dasteck\u00e9ho kraje\",\"isPartOf\":{\"@id\":\"https:\/\/blog.svkul.cz\/#website\"},\"primaryImageOfPage\":{\"@id\":\"https:\/\/blog.knihovnauk.cz\/index.php\/2017\/12\/22\/vesele-vanoce\/#primaryimage\"},\"image\":{\"@id\":\"https:\/\/blog.knihovnauk.cz\/index.php\/2017\/12\/22\/vesele-vanoce\/#primaryimage\"},\"thumbnailUrl\":\"https:\/\/blog.knihovnauk.cz\/wp-content\/uploads\/2017\/12\/DSC_0031-1.jpg\",\"datePublished\":\"2017-12-22T12:40:59+00:00\",\"dateModified\":\"2017-12-22T13:30:32+00:00\",\"author\":{\"@id\":\"https:\/\/blog.svkul.cz\/#\/schema\/person\/49547581b63594b811ad78a14b4f9079\"},\"breadcrumb\":{\"@id\":\"https:\/\/blog.knihovnauk.cz\/index.php\/2017\/12\/22\/vesele-vanoce\/#breadcrumb\"},\"inLanguage\":\"cs\",\"potentialAction\":[{\"@type\":\"ReadAction\",\"target\":[\"https:\/\/blog.knihovnauk.cz\/index.php\/2017\/12\/22\/vesele-vanoce\/\"]}]},{\"@type\":\"ImageObject\",\"inLanguage\":\"cs\",\"@id\":\"https:\/\/blog.knihovnauk.cz\/index.php\/2017\/12\/22\/vesele-vanoce\/#primaryimage\",\"url\":\"https:\/\/blog.knihovnauk.cz\/wp-content\/uploads\/2017\/12\/DSC_0031-1.jpg\",\"contentUrl\":\"https:\/\/blog.knihovnauk.cz\/wp-content\/uploads\/2017\/12\/DSC_0031-1.jpg\",\"width\":4131,\"height\":1974},{\"@type\":\"BreadcrumbList\",\"@id\":\"https:\/\/blog.knihovnauk.cz\/index.php\/2017\/12\/22\/vesele-vanoce\/#breadcrumb\",\"itemListElement\":[{\"@type\":\"ListItem\",\"position\":1,\"name\":\"Dom\u016f\",\"item\":\"https:\/\/blog.svkul.cz\/\"},{\"@type\":\"ListItem\",\"position\":2,\"name\":\"Vesel\u00e9 V\u00e1noce\"}]},{\"@type\":\"WebSite\",\"@id\":\"https:\/\/blog.svkul.cz\/#website\",\"url\":\"https:\/\/blog.svkul.cz\/\",\"name\":\"Magaz\u00edn Severo\u010desk\u00e9 v\u011bdeck\u00e9 knihovny v \u00dast\u00ed nad Labem\",\"description\":\"V\u011bnujeme se literatu\u0159e, um\u011bn\u00ed, knih\u00e1m a v\u0161emu, co n\u00e1s bav\u00ed a zaj\u00edm\u00e1.\",\"potentialAction\":[{\"@type\":\"SearchAction\",\"target\":{\"@type\":\"EntryPoint\",\"urlTemplate\":\"https:\/\/blog.svkul.cz\/?s={search_term_string}\"},\"query-input\":{\"@type\":\"PropertyValueSpecification\",\"valueRequired\":true,\"valueName\":\"search_term_string\"}}],\"inLanguage\":\"cs\"},{\"@type\":\"Person\",\"@id\":\"https:\/\/blog.svkul.cz\/#\/schema\/person\/49547581b63594b811ad78a14b4f9079\",\"name\":\"Akviziter\",\"image\":{\"@type\":\"ImageObject\",\"inLanguage\":\"cs\",\"@id\":\"https:\/\/blog.svkul.cz\/#\/schema\/person\/image\/\",\"url\":\"https:\/\/secure.gravatar.com\/avatar\/f42011ae2919fd1888c422331b856a9b?s=96&d=mm&r=g\",\"contentUrl\":\"https:\/\/secure.gravatar.com\/avatar\/f42011ae2919fd1888c422331b856a9b?s=96&d=mm&r=g\",\"caption\":\"Akviziter\"},\"url\":\"https:\/\/blog.knihovnauk.cz\/index.php\/author\/skoloud\/\"}]}<\/script>\n<!-- \/ Yoast SEO plugin. -->","yoast_head_json":{"title":"Vesel\u00e9 V\u00e1noce - Magaz\u00edn Knihovny \u00dasteck\u00e9ho kraje","robots":{"index":"index","follow":"follow","max-snippet":"max-snippet:-1","max-image-preview":"max-image-preview:large","max-video-preview":"max-video-preview:-1"},"canonical":"https:\/\/blog.knihovnauk.cz\/index.php\/2017\/12\/22\/vesele-vanoce\/","og_locale":"cs_CZ","og_type":"article","og_title":"Vesel\u00e9 V\u00e1noce - Magaz\u00edn Knihovny \u00dasteck\u00e9ho kraje","og_description":"P\u0159ejeme V\u00e1m kr\u00e1sn\u00e9 a vesel\u00e9 V\u00e1noce pro\u017eit\u00e9 s va\u0161imi nejbli\u017e\u0161\u00edmi. Pod strome\u010dek spoustu zdrav\u00ed a radosti.\u00a0 A pokud se budete p\u0159\u00ed\u0161t\u00ed t\u00fdden nudit, sko\u010dte k n\u00e1m do knihovny \ud83d\ude42 &#8222;Je\u0161t\u011b t\u0159i dni a budou d\u011bji\u0161t\u011bm takov\u00fdch aneb aspo\u0148 podobn\u00fdch scen, jakou p\u0159edv\u00e1d\u00ed genre Migl\u016fv, tis\u00edce a tis\u00edce dom\u00e1cnost\u00ed ve v\u0161ech d\u00edlech sv\u011bta. Oslava pam\u00e1tky Spasitele [&hellip;]","og_url":"https:\/\/blog.knihovnauk.cz\/index.php\/2017\/12\/22\/vesele-vanoce\/","og_site_name":"Magaz\u00edn Knihovny \u00dasteck\u00e9ho kraje","article_publisher":"https:\/\/www.facebook.com\/svkusti","article_published_time":"2017-12-22T12:40:59+00:00","article_modified_time":"2017-12-22T13:30:32+00:00","og_image":[{"width":1024,"height":489,"url":"https:\/\/blog.svkul.cz\/wp-content\/uploads\/2017\/12\/DSC_0031-1-1024x489.jpg","type":"image\/jpeg"}],"author":"Akviziter","twitter_card":"summary_large_image","twitter_misc":{"Napsal(a)":"Akviziter","Odhadovan\u00e1 doba \u010dten\u00ed":"2 minuty"},"schema":{"@context":"https:\/\/schema.org","@graph":[{"@type":"WebPage","@id":"https:\/\/blog.knihovnauk.cz\/index.php\/2017\/12\/22\/vesele-vanoce\/","url":"https:\/\/blog.knihovnauk.cz\/index.php\/2017\/12\/22\/vesele-vanoce\/","name":"Vesel\u00e9 V\u00e1noce - Magaz\u00edn Knihovny \u00dasteck\u00e9ho kraje","isPartOf":{"@id":"https:\/\/blog.svkul.cz\/#website"},"primaryImageOfPage":{"@id":"https:\/\/blog.knihovnauk.cz\/index.php\/2017\/12\/22\/vesele-vanoce\/#primaryimage"},"image":{"@id":"https:\/\/blog.knihovnauk.cz\/index.php\/2017\/12\/22\/vesele-vanoce\/#primaryimage"},"thumbnailUrl":"https:\/\/blog.knihovnauk.cz\/wp-content\/uploads\/2017\/12\/DSC_0031-1.jpg","datePublished":"2017-12-22T12:40:59+00:00","dateModified":"2017-12-22T13:30:32+00:00","author":{"@id":"https:\/\/blog.svkul.cz\/#\/schema\/person\/49547581b63594b811ad78a14b4f9079"},"breadcrumb":{"@id":"https:\/\/blog.knihovnauk.cz\/index.php\/2017\/12\/22\/vesele-vanoce\/#breadcrumb"},"inLanguage":"cs","potentialAction":[{"@type":"ReadAction","target":["https:\/\/blog.knihovnauk.cz\/index.php\/2017\/12\/22\/vesele-vanoce\/"]}]},{"@type":"ImageObject","inLanguage":"cs","@id":"https:\/\/blog.knihovnauk.cz\/index.php\/2017\/12\/22\/vesele-vanoce\/#primaryimage","url":"https:\/\/blog.knihovnauk.cz\/wp-content\/uploads\/2017\/12\/DSC_0031-1.jpg","contentUrl":"https:\/\/blog.knihovnauk.cz\/wp-content\/uploads\/2017\/12\/DSC_0031-1.jpg","width":4131,"height":1974},{"@type":"BreadcrumbList","@id":"https:\/\/blog.knihovnauk.cz\/index.php\/2017\/12\/22\/vesele-vanoce\/#breadcrumb","itemListElement":[{"@type":"ListItem","position":1,"name":"Dom\u016f","item":"https:\/\/blog.svkul.cz\/"},{"@type":"ListItem","position":2,"name":"Vesel\u00e9 V\u00e1noce"}]},{"@type":"WebSite","@id":"https:\/\/blog.svkul.cz\/#website","url":"https:\/\/blog.svkul.cz\/","name":"Magaz\u00edn Severo\u010desk\u00e9 v\u011bdeck\u00e9 knihovny v \u00dast\u00ed nad Labem","description":"V\u011bnujeme se literatu\u0159e, um\u011bn\u00ed, knih\u00e1m a v\u0161emu, co n\u00e1s bav\u00ed a zaj\u00edm\u00e1.","potentialAction":[{"@type":"SearchAction","target":{"@type":"EntryPoint","urlTemplate":"https:\/\/blog.svkul.cz\/?s={search_term_string}"},"query-input":{"@type":"PropertyValueSpecification","valueRequired":true,"valueName":"search_term_string"}}],"inLanguage":"cs"},{"@type":"Person","@id":"https:\/\/blog.svkul.cz\/#\/schema\/person\/49547581b63594b811ad78a14b4f9079","name":"Akviziter","image":{"@type":"ImageObject","inLanguage":"cs","@id":"https:\/\/blog.svkul.cz\/#\/schema\/person\/image\/","url":"https:\/\/secure.gravatar.com\/avatar\/f42011ae2919fd1888c422331b856a9b?s=96&d=mm&r=g","contentUrl":"https:\/\/secure.gravatar.com\/avatar\/f42011ae2919fd1888c422331b856a9b?s=96&d=mm&r=g","caption":"Akviziter"},"url":"https:\/\/blog.knihovnauk.cz\/index.php\/author\/skoloud\/"}]}},"_links":{"self":[{"href":"https:\/\/blog.knihovnauk.cz\/index.php\/wp-json\/wp\/v2\/posts\/278","targetHints":{"allow":["GET"]}}],"collection":[{"href":"https:\/\/blog.knihovnauk.cz\/index.php\/wp-json\/wp\/v2\/posts"}],"about":[{"href":"https:\/\/blog.knihovnauk.cz\/index.php\/wp-json\/wp\/v2\/types\/post"}],"author":[{"embeddable":true,"href":"https:\/\/blog.knihovnauk.cz\/index.php\/wp-json\/wp\/v2\/users\/2"}],"replies":[{"embeddable":true,"href":"https:\/\/blog.knihovnauk.cz\/index.php\/wp-json\/wp\/v2\/comments?post=278"}],"version-history":[{"count":9,"href":"https:\/\/blog.knihovnauk.cz\/index.php\/wp-json\/wp\/v2\/posts\/278\/revisions"}],"predecessor-version":[{"id":291,"href":"https:\/\/blog.knihovnauk.cz\/index.php\/wp-json\/wp\/v2\/posts\/278\/revisions\/291"}],"wp:featuredmedia":[{"embeddable":true,"href":"https:\/\/blog.knihovnauk.cz\/index.php\/wp-json\/wp\/v2\/media\/288"}],"wp:attachment":[{"href":"https:\/\/blog.knihovnauk.cz\/index.php\/wp-json\/wp\/v2\/media?parent=278"}],"wp:term":[{"taxonomy":"category","embeddable":true,"href":"https:\/\/blog.knihovnauk.cz\/index.php\/wp-json\/wp\/v2\/categories?post=278"},{"taxonomy":"post_tag","embeddable":true,"href":"https:\/\/blog.knihovnauk.cz\/index.php\/wp-json\/wp\/v2\/tags?post=278"}],"curies":[{"name":"wp","href":"https:\/\/api.w.org\/{rel}","templated":true}]}}