{"id":814,"date":"2020-01-22T06:27:49","date_gmt":"2020-01-22T05:27:49","guid":{"rendered":"https:\/\/blog.knihovnauk.cz\/?p=814"},"modified":"2020-04-18T20:34:30","modified_gmt":"2020-04-18T18:34:30","slug":"fantasticky-svet-julese-verna","status":"publish","type":"post","link":"https:\/\/blog.knihovnauk.cz\/index.php\/2020\/01\/22\/fantasticky-svet-julese-verna\/","title":{"rendered":"Fantastick\u00fd sv\u011bt Julese Verna"},"content":{"rendered":"\n<p><\/p>\n\n\n\n<p><strong>8. \u00fanora 1828 \u2013 24. b\u0159ezna 1905<\/strong><\/p>\n\n\n\n<p>Francouzsk\u00fd spisovatel, dramatik, jeden ze\nzakladatel\u016f \u017e\u00e1nru v\u011bdeckofantastick\u00e9 literatury.<\/p>\n\n\n\n<p>Narodil se v&nbsp;Nantes, otec Pierre byl pr\u00e1vn\u00edkem, matka Sophie poch\u00e1zela ze star\u00e9&nbsp;n\u00e1mo\u0159nick\u00e9 rodiny. M\u011bl \u010dty\u0159i mlad\u0161\u00ed sourozence \u2013 bratra Paula a sestry Annu, Mathildu a Marii. &nbsp;<\/p>\n\n\n\n<div class=\"wp-block-image\"><figure class=\"aligncenter\"><img loading=\"lazy\" decoding=\"async\" width=\"1000\" height=\"1375\" src=\"https:\/\/blog.knihovnauk.cz\/wp-content\/uploads\/2020\/01\/Jules_Verne.gif\" alt=\"\" class=\"wp-image-815\"\/><figcaption>O \u010dem asi Jules p\u0159em\u00fd\u0161lel. Mo\u017en\u00e1 o n\u011bjak\u00e9m d\u00edle, vyn\u00e1lezu&#8230; \u010dert v\u00ed \ud83d\ude42 Foto z roku 1856        Zdroj <a href=\"https:\/\/upload.wikimedia.org\/wikipedia\/commons\/8\/85\/Jules_Verne.gif\" target=\"_blank\" rel=\"noreferrer noopener\" aria-label=\" (otev\u0159e se na nov\u00e9 z\u00e1lo\u017ece)\">Wikipedia<\/a><\/figcaption><\/figure><\/div>\n\n\n\n<p><\/p>\n\n\n\n<p><strong>STUDIA<\/strong><\/p>\n\n\n\n<p>V&nbsp;roce 1835 nastoupil do z\u00e1kladn\u00ed katolick\u00e9 \u0161koly v&nbsp;Saint-Stanislas, v&nbsp;letech 1844-1846 nav\u0161t\u011bvoval Lyc\u00e9e Royal v&nbsp;Nantes, kde &nbsp;maturoval. Potom ode\u0161el na otcovo p\u0159\u00e1n\u00ed do Pa\u0159\u00ed\u017ee studovat pr\u00e1va, jako nejstar\u0161\u00ed z&nbsp;d\u011bt\u00ed m\u011bl pozd\u011bji p\u0159evz\u00edt rodinou advok\u00e1tn\u00ed praxi. \u017divot mu komplikovaly vlekl\u00e9 zdravotn\u00ed pot\u00ed\u017ee, p\u0159esto studia \u00fasp\u011b\u0161n\u011b dokon\u010dil. <\/p>\n\n\n\n<p><strong>PSAN\u00cd<\/strong><\/p>\n\n\n\n<p>Po skon\u010den\u00ed studi\u00ed nezah\u00e1jil pr\u00e1vnickou kari\u00e9ru, ale za\u010dal se \u017eivit psan\u00edm. &nbsp;Zpo\u010d\u00e1tku se mu neda\u0159ilo, proto po\u017e\u00e1dal otce o p\u016fj\u010dku a rozhodl se obchodovat na burze. Ve voln\u00e9m \u010dase se v\u011bnoval psan\u00ed. <\/p>\n\n\n\n<p>Psal od ml\u00e1d\u00ed b\u00e1sn\u011b, pov\u00eddky, divadeln\u00ed hry, nejprve bez v\u011bt\u0161\u00edho \u00fasp\u011bchu. Pozd\u011bji se zam\u011b\u0159il na nov\u00fd liter\u00e1rn\u00ed \u00fatvar \u2013 cestopis. V roce 1862 dokon\u010dil dobrodru\u017en\u00fd rom\u00e1n P\u011bt ned\u011bl v&nbsp;bal\u00f3n\u011b, d\u00edky tomu se sezn\u00e1mil s vydavatelem Pierrem Julesem&nbsp; Hetzelem, kter\u00fd byl ochoten ho vydat. Obrovsk\u00fd \u00fasp\u011bch rom\u00e1nu mu zajistil exkluzivn\u00ed smlouvu na dvacet let. Zbavil se existen\u010dn\u00edch probl\u00e9m\u016f a mohl se v\u011bnovat spisovatelsk\u00e9 pr\u00e1ci.<\/p>\n\n\n\n<div class=\"wp-block-image\"><figure class=\"aligncenter\"><img loading=\"lazy\" decoding=\"async\" width=\"1791\" height=\"2802\" src=\"https:\/\/blog.knihovnauk.cz\/wp-content\/uploads\/2020\/01\/Jules_Verne_Algerie.jpg\" alt=\"\" class=\"wp-image-817\"\/><figcaption>O Vernem si mohli jeho sou\u010dasn\u00edci p\u0159e\u010d\u00edst v tomhle \u010dasopise v ned\u011bli 15. \u010dervna v roce 1884.     Zdroj <a href=\"https:\/\/upload.wikimedia.org\/wikipedia\/commons\/1\/11\/Jules_Verne_Algerie.jpg\" target=\"_blank\" rel=\"noreferrer noopener\" aria-label=\" (otev\u0159e se na nov\u00e9 z\u00e1lo\u017ece)\">Wikipedia<\/a><\/figcaption><\/figure><\/div>\n\n\n\n<p style=\"text-align:center\"><strong>ZAJ\u00cdMAVOSTI<\/strong><\/p>\n\n\n\n<p style=\"text-align:center\"><strong> V&nbsp;roce 1857 se o\u017eenil s&nbsp;Honorine Morelovou, vdovou, matkou dvou dcer. Narodil se jim syn Michel, man\u017eelstv\u00ed v\u0161ak nebylo \u0161\u0165astn\u00e9. <\/strong><\/p>\n\n\n\n<p style=\"text-align:center\"><strong>R\u00e1d cestoval, podnikl mnoho dobrodru\u017en\u00fdch v\u00fdprav.<\/strong><\/p>\n\n\n\n<p style=\"text-align:center\"><strong>Od roku 1871 \u017eil a\u017e do sv\u00e9 smrti v&nbsp;Amiensu, napsal tam v\u011bt\u0161inu sv\u00fdch rom\u00e1n\u016f. &nbsp;<\/strong><\/p>\n\n\n\n<p style=\"text-align:center\"><strong>Zem\u0159el ve sv\u00e9 pracovn\u011b za psac\u00edm stolem. <\/strong><\/p>\n\n\n\n<p style=\"text-align:center\"><strong>Sv\u00e9 rukopisy odk\u00e1zal synovi Michelovi, ten se staral o jejich vyd\u00e1v\u00e1n\u00ed je\u0161t\u011b mnoho let po otcov\u011b smrti.<\/strong><\/p>\n\n\n\n<p><\/p>\n\n\n\n<div class=\"wp-block-image\"><figure class=\"aligncenter\"><img loading=\"lazy\" decoding=\"async\" width=\"564\" height=\"768\" src=\"https:\/\/blog.knihovnauk.cz\/wp-content\/uploads\/2020\/01\/Jules_Verne_1892_colored_portrait.jpg\" alt=\"\" class=\"wp-image-822\"\/><figcaption>Kolorovan\u00fd portr\u00e9t    Zdroj <a href=\"https:\/\/upload.wikimedia.org\/wikipedia\/commons\/a\/ae\/Jules_Verne%2C_1892_%28colored_portrait%29.jpg\" target=\"_blank\" rel=\"noreferrer noopener\" aria-label=\" (otev\u0159e se na nov\u00e9 z\u00e1lo\u017ece)\">Wikipedia<\/a><\/figcaption><\/figure><\/div>\n\n\n\n<p style=\"text-align:center\"><strong>\u201e<\/strong><em><strong>A\u0165 jsem cokoliv napsal, a\u0165 jsem cokoliv vymyslel \u2013 v\u0161e to jednou ustoup\u00ed skute\u010dnosti, nebo\u0165 p\u0159ijde \u010das, kdy \u00fasp\u011bchy v\u011bdy daleko p\u0159edstihnou mo\u017enosti fantazie\u2026<\/strong><\/em><strong>\u201c<\/strong><\/p>\n\n\n\n<p><strong>D\u00cdLO<\/strong><\/p>\n\n\n\n<p>D\u00edlo vych\u00e1zelo pod souhrnn\u00fdm n\u00e1zvem Podivuhodn\u00e9\ncesty, n\u00e1pad vydavatele Pierra Julese Hetzela.<\/p>\n\n\n\n<p>Pro \u010desk\u00e9 \u010dten\u00e1\u0159e ho objevil Jan Neruda.\nZ&nbsp;cesty do Pa\u0159\u00ed\u017ee p\u0159ivezl prvn\u00ed \u00fasp\u011b\u0161nou \u201everneovku\u201c P\u011bt ned\u011bl\nv&nbsp;bal\u00f3n\u011b.<\/p>\n\n\n\n<p>Podle pov\u011bsti se jako jeden\u00e1ctilet\u00fd nechal najmout\nna lo\u010f, p\u0159ipravuj\u00edc\u00ed se na odplut\u00ed do Indie. Rodi\u010de dobrodru\u017estv\u00ed odhalily a\nv&nbsp;cest\u011b v\u010das zabr\u00e1nily. <\/p>\n\n\n\n<p>V rom\u00e1nech p\u0159edpov\u011bd\u011bl \u0159adu pozd\u011bj\u0161\u00edch vyn\u00e1lez\u016f\n(lety \u0159iditeln\u00fdm bal\u00f3nem, kosmick\u00e9 lety, skafandr, elektrick\u00fd motor, tank,\nvrtuln\u00edk\u2026).<\/p>\n\n\n\n<p><\/p>\n\n\n\n<div class=\"wp-block-image\"><figure class=\"aligncenter\"><img loading=\"lazy\" decoding=\"async\" width=\"545\" height=\"827\" src=\"https:\/\/blog.knihovnauk.cz\/wp-content\/uploads\/2020\/01\/Hetzel_front_cover.jpg\" alt=\"\" class=\"wp-image-820\"\/><figcaption> <strong>Voyages et aventures du capitaine Hatteras<\/strong>, typick\u00e1 vazba francouzsk\u00e9ho vyd\u00e1n\u00ed Verneova cyklu <em>Podivuhodn\u00fdch cest<\/em> od nakladatele <a href=\"https:\/\/cs.wikipedia.org\/wiki\/Pierre-Jules_Hetzel\">Pierra-Julese Hetzela<\/a>.    Zdroj <a href=\"https:\/\/upload.wikimedia.org\/wikipedia\/commons\/f\/f0\/Hetzel_front_cover.jpg\" target=\"_blank\" rel=\"noreferrer noopener\" aria-label=\" (otev\u0159e se na nov\u00e9 z\u00e1lo\u017ece)\">Wikipedia<\/a><\/figcaption><\/figure><\/div>\n\n\n\n<p><\/p>\n\n\n\n<p style=\"text-align:center\"><strong>PODIVUHODN\u00c9 CESTY<\/strong><\/p>\n\n\n\n<p style=\"text-align:center\">P\u011bt ned\u011bl v&nbsp;bal\u00f3n\u011b (1863)<\/p>\n\n\n\n<p style=\"text-align:center\">D\u011bti kapit\u00e1na Granta (1867-1868)<\/p>\n\n\n\n<p style=\"text-align:center\">Dvacet tis\u00edc mil pod mo\u0159em (1869-1870)<\/p>\n\n\n\n<p style=\"text-align:center\">Na komet\u011b (1877)<\/p>\n\n\n\n<p style=\"text-align:center\">Patn\u00e1ctilet\u00fd kapit\u00e1n (1878)<\/p>\n\n\n\n<p style=\"text-align:center\">Dva roky pr\u00e1zdnin (1888)<\/p>\n\n\n\n<p style=\"text-align:center\">Tajemn\u00fd hrad v&nbsp;Karpatech (1892)<\/p>\n\n\n\n<p style=\"text-align:center\">Vyn\u00e1lez zk\u00e1zy (1896)<\/p>\n\n\n\n<p style=\"text-align:center\"><strong>DAL\u0160\u00cd D\u00cdLA<\/strong><\/p>\n\n\n\n<p style=\"text-align:center\">Zlomen\u00e1 st\u00e9bla (1849)<\/p>\n\n\n\n<p style=\"text-align:center\">Cesta pozp\u00e1tku do Anglie a Skotska (1989)<\/p>\n\n\n\n<p style=\"text-align:center\">Pa\u0159\u00ed\u017e ve dvac\u00e1t\u00e9m stolet\u00ed (1994)<\/p>\n\n\n\n<p style=\"text-align:center\">Historie velk\u00fdch objev\u016f (1870-1880)<\/p>\n\n\n\n<p style=\"text-align:center\">Cesty na divadle (1881)<\/p>\n\n\n\n<p>&nbsp;<strong>Pou\u017eit\u00e1 literatura: <\/strong><\/p>\n\n\n\n<p>BRANDIS, Jevgenij Pavlovi\u010d. <em>Sn\u00edlek Jules Verne. <\/em>1. vyd. Praha: lidov\u00e9 Nakladatelstv\u00ed, 1981. 256\ns.<\/p>\n\n\n\n<p>LOTTMAN, Herbert R. <em>Jules Verne.<\/em> Vyd. 1. Praha: Br\u00e1na, 1998. 333s. <\/p>\n\n\n\n<p>Jules Verne. In: <em>Wikipedie, otev\u0159en\u00e1 encyklopedie <\/em>[online]. c2019. [cit. 2020-01-02]. Dostupn\u00e9 z: <a href=\"https:\/\/cs.wikipedia.org\/wiki\/Jules_Verne\">https:\/\/cs.wikipedia.org\/wiki\/Jules_Verne<\/a><\/p>\n\n\n\n<p style=\"text-align:right\"><strong>Text Jitka Haincov\u00e1<\/strong>, <strong>\u00favodn\u00ed ilustrace V\u00e1clav \u0160koloud<\/strong><\/p>\n","protected":false},"excerpt":{"rendered":"<p>8. \u00fanora 1828 \u2013 24. b\u0159ezna 1905 Francouzsk\u00fd spisovatel, dramatik, jeden ze zakladatel\u016f \u017e\u00e1nru v\u011bdeckofantastick\u00e9 literatury. Narodil se v&nbsp;Nantes, otec Pierre byl pr\u00e1vn\u00edkem, matka Sophie poch\u00e1zela ze star\u00e9&nbsp;n\u00e1mo\u0159nick\u00e9 rodiny. M\u011bl \u010dty\u0159i mlad\u0161\u00ed sourozence \u2013 bratra Paula a sestry Annu, Mathildu a Marii. &nbsp; STUDIA V&nbsp;roce 1835 nastoupil do z\u00e1kladn\u00ed katolick\u00e9 \u0161koly v&nbsp;Saint-Stanislas, v&nbsp;letech 1844-1846 nav\u0161t\u011bvoval [&hellip;]<\/p>\n","protected":false},"author":2,"featured_media":1116,"comment_status":"open","ping_status":"open","sticky":false,"template":"","format":"standard","meta":{"_monsterinsights_skip_tracking":false,"_monsterinsights_sitenote_active":false,"_monsterinsights_sitenote_note":"","_monsterinsights_sitenote_category":0,"footnotes":""},"categories":[28,37],"tags":[45,164],"class_list":["post-814","post","type-post","status-publish","format-standard","has-post-thumbnail","hentry","category-historie","category-literatura","tag-biografie","tag-jules-verne"],"yoast_head":"<!-- This site is optimized with the Yoast SEO plugin v24.8.1 - https:\/\/yoast.com\/wordpress\/plugins\/seo\/ -->\n<title>Fantastick\u00fd sv\u011bt Julese Verna - Magaz\u00edn Knihovny \u00dasteck\u00e9ho kraje<\/title>\n<meta name=\"robots\" content=\"index, follow, max-snippet:-1, max-image-preview:large, max-video-preview:-1\" \/>\n<link rel=\"canonical\" href=\"https:\/\/blog.svkul.cz\/index.php\/2020\/01\/22\/fantasticky-svet-julese-verna\/\" \/>\n<meta property=\"og:locale\" content=\"cs_CZ\" \/>\n<meta property=\"og:type\" content=\"article\" \/>\n<meta property=\"og:title\" content=\"Fantastick\u00fd sv\u011bt Julese Verna - Magaz\u00edn Knihovny \u00dasteck\u00e9ho kraje\" \/>\n<meta property=\"og:description\" content=\"8. \u00fanora 1828 \u2013 24. b\u0159ezna 1905 Francouzsk\u00fd spisovatel, dramatik, jeden ze zakladatel\u016f \u017e\u00e1nru v\u011bdeckofantastick\u00e9 literatury. Narodil se v&nbsp;Nantes, otec Pierre byl pr\u00e1vn\u00edkem, matka Sophie poch\u00e1zela ze star\u00e9&nbsp;n\u00e1mo\u0159nick\u00e9 rodiny. M\u011bl \u010dty\u0159i mlad\u0161\u00ed sourozence \u2013 bratra Paula a sestry Annu, Mathildu a Marii. &nbsp; STUDIA V&nbsp;roce 1835 nastoupil do z\u00e1kladn\u00ed katolick\u00e9 \u0161koly v&nbsp;Saint-Stanislas, v&nbsp;letech 1844-1846 nav\u0161t\u011bvoval [&hellip;]\" \/>\n<meta property=\"og:url\" content=\"https:\/\/blog.svkul.cz\/index.php\/2020\/01\/22\/fantasticky-svet-julese-verna\/\" \/>\n<meta property=\"og:site_name\" content=\"Magaz\u00edn Knihovny \u00dasteck\u00e9ho kraje\" \/>\n<meta property=\"article:publisher\" content=\"https:\/\/www.facebook.com\/svkusti\" \/>\n<meta property=\"article:published_time\" content=\"2020-01-22T05:27:49+00:00\" \/>\n<meta property=\"article:modified_time\" content=\"2020-04-18T18:34:30+00:00\" \/>\n<meta property=\"og:image\" content=\"https:\/\/blog.svkul.cz\/wp-content\/uploads\/2020\/01\/fgt.jpg\" \/>\n\t<meta property=\"og:image:width\" content=\"3213\" \/>\n\t<meta property=\"og:image:height\" content=\"2020\" \/>\n\t<meta property=\"og:image:type\" content=\"image\/jpeg\" \/>\n<meta name=\"author\" content=\"Akviziter\" \/>\n<meta name=\"twitter:card\" content=\"summary_large_image\" \/>\n<meta name=\"twitter:label1\" content=\"Napsal(a)\" \/>\n\t<meta name=\"twitter:data1\" content=\"Akviziter\" \/>\n\t<meta name=\"twitter:label2\" content=\"Odhadovan\u00e1 doba \u010dten\u00ed\" \/>\n\t<meta name=\"twitter:data2\" content=\"3 minuty\" \/>\n<script type=\"application\/ld+json\" class=\"yoast-schema-graph\">{\"@context\":\"https:\/\/schema.org\",\"@graph\":[{\"@type\":\"WebPage\",\"@id\":\"https:\/\/blog.svkul.cz\/index.php\/2020\/01\/22\/fantasticky-svet-julese-verna\/\",\"url\":\"https:\/\/blog.svkul.cz\/index.php\/2020\/01\/22\/fantasticky-svet-julese-verna\/\",\"name\":\"Fantastick\u00fd sv\u011bt Julese Verna - Magaz\u00edn Knihovny \u00dasteck\u00e9ho kraje\",\"isPartOf\":{\"@id\":\"https:\/\/blog.svkul.cz\/#website\"},\"primaryImageOfPage\":{\"@id\":\"https:\/\/blog.svkul.cz\/index.php\/2020\/01\/22\/fantasticky-svet-julese-verna\/#primaryimage\"},\"image\":{\"@id\":\"https:\/\/blog.svkul.cz\/index.php\/2020\/01\/22\/fantasticky-svet-julese-verna\/#primaryimage\"},\"thumbnailUrl\":\"https:\/\/blog.knihovnauk.cz\/wp-content\/uploads\/2020\/01\/fgt.jpg\",\"datePublished\":\"2020-01-22T05:27:49+00:00\",\"dateModified\":\"2020-04-18T18:34:30+00:00\",\"author\":{\"@id\":\"https:\/\/blog.svkul.cz\/#\/schema\/person\/49547581b63594b811ad78a14b4f9079\"},\"breadcrumb\":{\"@id\":\"https:\/\/blog.svkul.cz\/index.php\/2020\/01\/22\/fantasticky-svet-julese-verna\/#breadcrumb\"},\"inLanguage\":\"cs\",\"potentialAction\":[{\"@type\":\"ReadAction\",\"target\":[\"https:\/\/blog.svkul.cz\/index.php\/2020\/01\/22\/fantasticky-svet-julese-verna\/\"]}]},{\"@type\":\"ImageObject\",\"inLanguage\":\"cs\",\"@id\":\"https:\/\/blog.svkul.cz\/index.php\/2020\/01\/22\/fantasticky-svet-julese-verna\/#primaryimage\",\"url\":\"https:\/\/blog.knihovnauk.cz\/wp-content\/uploads\/2020\/01\/fgt.jpg\",\"contentUrl\":\"https:\/\/blog.knihovnauk.cz\/wp-content\/uploads\/2020\/01\/fgt.jpg\",\"width\":3213,\"height\":2020},{\"@type\":\"BreadcrumbList\",\"@id\":\"https:\/\/blog.svkul.cz\/index.php\/2020\/01\/22\/fantasticky-svet-julese-verna\/#breadcrumb\",\"itemListElement\":[{\"@type\":\"ListItem\",\"position\":1,\"name\":\"Dom\u016f\",\"item\":\"https:\/\/blog.svkul.cz\/\"},{\"@type\":\"ListItem\",\"position\":2,\"name\":\"Fantastick\u00fd sv\u011bt Julese Verna\"}]},{\"@type\":\"WebSite\",\"@id\":\"https:\/\/blog.svkul.cz\/#website\",\"url\":\"https:\/\/blog.svkul.cz\/\",\"name\":\"Magaz\u00edn Severo\u010desk\u00e9 v\u011bdeck\u00e9 knihovny v \u00dast\u00ed nad Labem\",\"description\":\"V\u011bnujeme se literatu\u0159e, um\u011bn\u00ed, knih\u00e1m a v\u0161emu, co n\u00e1s bav\u00ed a zaj\u00edm\u00e1.\",\"potentialAction\":[{\"@type\":\"SearchAction\",\"target\":{\"@type\":\"EntryPoint\",\"urlTemplate\":\"https:\/\/blog.svkul.cz\/?s={search_term_string}\"},\"query-input\":{\"@type\":\"PropertyValueSpecification\",\"valueRequired\":true,\"valueName\":\"search_term_string\"}}],\"inLanguage\":\"cs\"},{\"@type\":\"Person\",\"@id\":\"https:\/\/blog.svkul.cz\/#\/schema\/person\/49547581b63594b811ad78a14b4f9079\",\"name\":\"Akviziter\",\"image\":{\"@type\":\"ImageObject\",\"inLanguage\":\"cs\",\"@id\":\"https:\/\/blog.svkul.cz\/#\/schema\/person\/image\/\",\"url\":\"https:\/\/secure.gravatar.com\/avatar\/f42011ae2919fd1888c422331b856a9b?s=96&d=mm&r=g\",\"contentUrl\":\"https:\/\/secure.gravatar.com\/avatar\/f42011ae2919fd1888c422331b856a9b?s=96&d=mm&r=g\",\"caption\":\"Akviziter\"},\"url\":\"https:\/\/blog.knihovnauk.cz\/index.php\/author\/skoloud\/\"}]}<\/script>\n<!-- \/ Yoast SEO plugin. -->","yoast_head_json":{"title":"Fantastick\u00fd sv\u011bt Julese Verna - Magaz\u00edn Knihovny \u00dasteck\u00e9ho kraje","robots":{"index":"index","follow":"follow","max-snippet":"max-snippet:-1","max-image-preview":"max-image-preview:large","max-video-preview":"max-video-preview:-1"},"canonical":"https:\/\/blog.svkul.cz\/index.php\/2020\/01\/22\/fantasticky-svet-julese-verna\/","og_locale":"cs_CZ","og_type":"article","og_title":"Fantastick\u00fd sv\u011bt Julese Verna - Magaz\u00edn Knihovny \u00dasteck\u00e9ho kraje","og_description":"8. \u00fanora 1828 \u2013 24. b\u0159ezna 1905 Francouzsk\u00fd spisovatel, dramatik, jeden ze zakladatel\u016f \u017e\u00e1nru v\u011bdeckofantastick\u00e9 literatury. Narodil se v&nbsp;Nantes, otec Pierre byl pr\u00e1vn\u00edkem, matka Sophie poch\u00e1zela ze star\u00e9&nbsp;n\u00e1mo\u0159nick\u00e9 rodiny. M\u011bl \u010dty\u0159i mlad\u0161\u00ed sourozence \u2013 bratra Paula a sestry Annu, Mathildu a Marii. &nbsp; STUDIA V&nbsp;roce 1835 nastoupil do z\u00e1kladn\u00ed katolick\u00e9 \u0161koly v&nbsp;Saint-Stanislas, v&nbsp;letech 1844-1846 nav\u0161t\u011bvoval [&hellip;]","og_url":"https:\/\/blog.svkul.cz\/index.php\/2020\/01\/22\/fantasticky-svet-julese-verna\/","og_site_name":"Magaz\u00edn Knihovny \u00dasteck\u00e9ho kraje","article_publisher":"https:\/\/www.facebook.com\/svkusti","article_published_time":"2020-01-22T05:27:49+00:00","article_modified_time":"2020-04-18T18:34:30+00:00","og_image":[{"width":3213,"height":2020,"url":"https:\/\/blog.svkul.cz\/wp-content\/uploads\/2020\/01\/fgt.jpg","type":"image\/jpeg"}],"author":"Akviziter","twitter_card":"summary_large_image","twitter_misc":{"Napsal(a)":"Akviziter","Odhadovan\u00e1 doba \u010dten\u00ed":"3 minuty"},"schema":{"@context":"https:\/\/schema.org","@graph":[{"@type":"WebPage","@id":"https:\/\/blog.svkul.cz\/index.php\/2020\/01\/22\/fantasticky-svet-julese-verna\/","url":"https:\/\/blog.svkul.cz\/index.php\/2020\/01\/22\/fantasticky-svet-julese-verna\/","name":"Fantastick\u00fd sv\u011bt Julese Verna - Magaz\u00edn Knihovny \u00dasteck\u00e9ho kraje","isPartOf":{"@id":"https:\/\/blog.svkul.cz\/#website"},"primaryImageOfPage":{"@id":"https:\/\/blog.svkul.cz\/index.php\/2020\/01\/22\/fantasticky-svet-julese-verna\/#primaryimage"},"image":{"@id":"https:\/\/blog.svkul.cz\/index.php\/2020\/01\/22\/fantasticky-svet-julese-verna\/#primaryimage"},"thumbnailUrl":"https:\/\/blog.knihovnauk.cz\/wp-content\/uploads\/2020\/01\/fgt.jpg","datePublished":"2020-01-22T05:27:49+00:00","dateModified":"2020-04-18T18:34:30+00:00","author":{"@id":"https:\/\/blog.svkul.cz\/#\/schema\/person\/49547581b63594b811ad78a14b4f9079"},"breadcrumb":{"@id":"https:\/\/blog.svkul.cz\/index.php\/2020\/01\/22\/fantasticky-svet-julese-verna\/#breadcrumb"},"inLanguage":"cs","potentialAction":[{"@type":"ReadAction","target":["https:\/\/blog.svkul.cz\/index.php\/2020\/01\/22\/fantasticky-svet-julese-verna\/"]}]},{"@type":"ImageObject","inLanguage":"cs","@id":"https:\/\/blog.svkul.cz\/index.php\/2020\/01\/22\/fantasticky-svet-julese-verna\/#primaryimage","url":"https:\/\/blog.knihovnauk.cz\/wp-content\/uploads\/2020\/01\/fgt.jpg","contentUrl":"https:\/\/blog.knihovnauk.cz\/wp-content\/uploads\/2020\/01\/fgt.jpg","width":3213,"height":2020},{"@type":"BreadcrumbList","@id":"https:\/\/blog.svkul.cz\/index.php\/2020\/01\/22\/fantasticky-svet-julese-verna\/#breadcrumb","itemListElement":[{"@type":"ListItem","position":1,"name":"Dom\u016f","item":"https:\/\/blog.svkul.cz\/"},{"@type":"ListItem","position":2,"name":"Fantastick\u00fd sv\u011bt Julese Verna"}]},{"@type":"WebSite","@id":"https:\/\/blog.svkul.cz\/#website","url":"https:\/\/blog.svkul.cz\/","name":"Magaz\u00edn Severo\u010desk\u00e9 v\u011bdeck\u00e9 knihovny v \u00dast\u00ed nad Labem","description":"V\u011bnujeme se literatu\u0159e, um\u011bn\u00ed, knih\u00e1m a v\u0161emu, co n\u00e1s bav\u00ed a zaj\u00edm\u00e1.","potentialAction":[{"@type":"SearchAction","target":{"@type":"EntryPoint","urlTemplate":"https:\/\/blog.svkul.cz\/?s={search_term_string}"},"query-input":{"@type":"PropertyValueSpecification","valueRequired":true,"valueName":"search_term_string"}}],"inLanguage":"cs"},{"@type":"Person","@id":"https:\/\/blog.svkul.cz\/#\/schema\/person\/49547581b63594b811ad78a14b4f9079","name":"Akviziter","image":{"@type":"ImageObject","inLanguage":"cs","@id":"https:\/\/blog.svkul.cz\/#\/schema\/person\/image\/","url":"https:\/\/secure.gravatar.com\/avatar\/f42011ae2919fd1888c422331b856a9b?s=96&d=mm&r=g","contentUrl":"https:\/\/secure.gravatar.com\/avatar\/f42011ae2919fd1888c422331b856a9b?s=96&d=mm&r=g","caption":"Akviziter"},"url":"https:\/\/blog.knihovnauk.cz\/index.php\/author\/skoloud\/"}]}},"_links":{"self":[{"href":"https:\/\/blog.knihovnauk.cz\/index.php\/wp-json\/wp\/v2\/posts\/814","targetHints":{"allow":["GET"]}}],"collection":[{"href":"https:\/\/blog.knihovnauk.cz\/index.php\/wp-json\/wp\/v2\/posts"}],"about":[{"href":"https:\/\/blog.knihovnauk.cz\/index.php\/wp-json\/wp\/v2\/types\/post"}],"author":[{"embeddable":true,"href":"https:\/\/blog.knihovnauk.cz\/index.php\/wp-json\/wp\/v2\/users\/2"}],"replies":[{"embeddable":true,"href":"https:\/\/blog.knihovnauk.cz\/index.php\/wp-json\/wp\/v2\/comments?post=814"}],"version-history":[{"count":9,"href":"https:\/\/blog.knihovnauk.cz\/index.php\/wp-json\/wp\/v2\/posts\/814\/revisions"}],"predecessor-version":[{"id":831,"href":"https:\/\/blog.knihovnauk.cz\/index.php\/wp-json\/wp\/v2\/posts\/814\/revisions\/831"}],"wp:featuredmedia":[{"embeddable":true,"href":"https:\/\/blog.knihovnauk.cz\/index.php\/wp-json\/wp\/v2\/media\/1116"}],"wp:attachment":[{"href":"https:\/\/blog.knihovnauk.cz\/index.php\/wp-json\/wp\/v2\/media?parent=814"}],"wp:term":[{"taxonomy":"category","embeddable":true,"href":"https:\/\/blog.knihovnauk.cz\/index.php\/wp-json\/wp\/v2\/categories?post=814"},{"taxonomy":"post_tag","embeddable":true,"href":"https:\/\/blog.knihovnauk.cz\/index.php\/wp-json\/wp\/v2\/tags?post=814"}],"curies":[{"name":"wp","href":"https:\/\/api.w.org\/{rel}","templated":true}]}}